  {"id":10347,"date":"2019-12-28T07:00:17","date_gmt":"2019-12-28T07:00:17","guid":{"rendered":"https:\/\/somconnexio.coop\/?p=10347\/"},"modified":"2020-02-12T11:22:57","modified_gmt":"2020-02-12T11:22:57","slug":"rosalia-nueva-imagen-somos-conexion","status":"publish","type":"post","link":"https:\/\/somconnexio.coop\/es\/noticias\/rosalia-nueva-imagen-somos-conexion\/","title":{"rendered":"Rosal\u00eda, nueva imagen de Somos Conexi\u00f3n"},"content":{"rendered":"<h2><span style=\"font-weight: 400;\">La cantante, que es socia de Somos Conexi\u00f3n desde el 2016, contin\u00faa utilizando la tarifa de 100 min y 2Gb que tiene contratada desde el primer d\u00eda<\/span><\/h2>\n<p><span style=\"font-weight: 400;\">En una rueda de prensa extraordinaria, Rosalia anunciaba ayer que firma por 3 a\u00f1os con la cooperativa de telecomunicaciones. La de Sant Esteve de Ses Rovires explic\u00f3 a los micr\u00f3fonos de los m\u00e1s de 50 medios internacionales acreditados que la decisi\u00f3n fue muy f\u00e1cil.<\/span><\/p>\n<p><span style=\"font-weight: 400;\">\u00abMe llamaron y les dije que s\u00ed sin pensarlo dos veces. Hace a\u00f1os que soy socia de la cooperativa y tengo toda la familia apadrinada, es todo un honor que me hayan pedido ser la imagen de una empresa con estos valores. \u00ab<\/span><\/p>\n<p><span style=\"font-weight: 400;\">No han trascendido las condiciones econ\u00f3micas del contrato pero todo parece indicar que la cifra no debe ser muy elevada. Desde Somos Conexi\u00f3n explicaron que le ofrecieron una tarifa con m\u00e1s gigas y minutos como parte del trato, pero Rosalia se neg\u00f3. Y es que la cantante de flamenco fusi\u00f3n dijo estar muy concienciada con la contaminaci\u00f3n que generan los datos y est\u00e1 totalmente satisfecha con los 100 minutos y 2 Gb de su actual tarifa.<\/span><\/p>\n<p><span style=\"font-weight: 400;\">Por su parte, la cooperativa cree que el acuerdo con la cantante puede dar un impulso definitivo para hacer crecer la base social entre los m\u00e1s j\u00f3venes. Para aprovechar todo el potencial del trato, desde la cooperativa se est\u00e1 sopesando la posibilidad de cambiar los nombres de las tarifas. As\u00ed por ejemplo, la tarifa de 100 minutos y\u00a02 Gb pasar\u00eda a llamarse la \u00abRosalia\u00bb, y la de 20 gigas y minutos ilimitados pasar\u00eda a llamarse \u00abMalamente\u00bb.<\/span><\/p>\n<p><span style=\"font-weight: 400;\">Sin embargo, este extremo no ha sido confirmado, ya que para tomar la decisi\u00f3n la cooperativa ha decidido abrir un proceso participativo donde las personas socia<\/span><span style=\"font-weight: 400;\">s tendr\u00e1n la \u00faltima palabra.<\/span><\/p>\n<p><span style=\"font-weight: 400;\">Feliz d\u00eda de los inocentes.<\/span><\/p>\n","protected":false},"excerpt":{"rendered":"<p>La cantante, que es socia de Somos Conexi\u00f3n desde el 2016, contin\u00faa utilizando la tarifa de 100 min y 2Gb que tiene contratada desde el primer d\u00eda En una rueda de prensa extraordinaria, Rosalia anunciaba ayer que firma por 3 a\u00f1os con la cooperativa de telecomunicaciones. La de Sant Esteve de Ses Rovires explic\u00f3 a [&hellip;]<\/p>\n","protected":false},"author":1,"featured_media":10343,"comment_status":"closed","ping_status":"open","sticky":false,"template":"","format":"standard","meta":{"footnotes":""},"categories":[87],"tags":[],"class_list":["post-10347","post","type-post","status-publish","format-standard","has-post-thumbnail","hentry","category-noticias"],"yoast_head":"<!-- This site is optimized with the Yoast SEO plugin v25.1 - https:\/\/yoast.com\/wordpress\/plugins\/seo\/ -->\n<title>Rosal\u00eda, nueva imagen de Somos Conexi\u00f3n - Somos Conexi\u00f3n<\/title>\n<meta name=\"robots\" content=\"index, follow, max-snippet:-1, max-image-preview:large, max-video-preview:-1\" \/>\n<link rel=\"canonical\" href=\"https:\/\/somconnexio.coop\/es\/noticias\/rosalia-nueva-imagen-somos-conexion\/\" \/>\n<meta property=\"og:locale\" content=\"es_ES\" \/>\n<meta property=\"og:type\" content=\"article\" \/>\n<meta property=\"og:title\" content=\"Rosal\u00eda, nueva imagen de Somos Conexi\u00f3n - Somos Conexi\u00f3n\" \/>\n<meta property=\"og:description\" content=\"La cantante, que es socia de Somos Conexi\u00f3n desde el 2016, contin\u00faa utilizando la tarifa de 100 min y 2Gb que tiene contratada desde el primer d\u00eda En una rueda de prensa extraordinaria, Rosalia anunciaba ayer que firma por 3 a\u00f1os con la cooperativa de telecomunicaciones. La de Sant Esteve de Ses Rovires explic\u00f3 a [&hellip;]\" \/>\n<meta property=\"og:url\" content=\"https:\/\/somconnexio.coop\/es\/noticias\/rosalia-nueva-imagen-somos-conexion\/\" \/>\n<meta property=\"og:site_name\" content=\"Somos Conexi\u00f3n\" \/>\n<meta property=\"article:published_time\" content=\"2019-12-28T07:00:17+00:00\" \/>\n<meta property=\"article:modified_time\" content=\"2020-02-12T11:22:57+00:00\" \/>\n<meta property=\"og:image\" content=\"https:\/\/somconnexio.coop\/wp-content\/uploads\/2019\/12\/Rosalia-Som.jpg\" \/>\n\t<meta property=\"og:image:width\" content=\"1146\" \/>\n\t<meta property=\"og:image:height\" content=\"746\" \/>\n\t<meta property=\"og:image:type\" content=\"image\/jpeg\" \/>\n<meta name=\"author\" content=\"Som Connexi\u00f3\" \/>\n<meta name=\"twitter:card\" content=\"summary_large_image\" \/>\n<meta name=\"twitter:label1\" content=\"Escrito por\" \/>\n\t<meta name=\"twitter:data1\" content=\"Som Connexi\u00f3\" \/>\n\t<meta name=\"twitter:label2\" content=\"Tiempo de lectura\" \/>\n\t<meta name=\"twitter:data2\" content=\"2 minutos\" \/>\n<script type=\"application\/ld+json\" class=\"yoast-schema-graph\">{\"@context\":\"https:\/\/schema.org\",\"@graph\":[{\"@type\":\"WebPage\",\"@id\":\"https:\/\/somconnexio.coop\/es\/noticias\/rosalia-nueva-imagen-somos-conexion\/\",\"url\":\"https:\/\/somconnexio.coop\/es\/noticias\/rosalia-nueva-imagen-somos-conexion\/\",\"name\":\"Rosal\u00eda, nueva imagen de Somos Conexi\u00f3n - Somos Conexi\u00f3n\",\"isPartOf\":{\"@id\":\"https:\/\/somconnexio.coop\/#website\"},\"primaryImageOfPage\":{\"@id\":\"https:\/\/somconnexio.coop\/es\/noticias\/rosalia-nueva-imagen-somos-conexion\/#primaryimage\"},\"image\":{\"@id\":\"https:\/\/somconnexio.coop\/es\/noticias\/rosalia-nueva-imagen-somos-conexion\/#primaryimage\"},\"thumbnailUrl\":\"https:\/\/somconnexio.coop\/wp-content\/uploads\/2019\/12\/Rosalia-Som.jpg\",\"datePublished\":\"2019-12-28T07:00:17+00:00\",\"dateModified\":\"2020-02-12T11:22:57+00:00\",\"author\":{\"@id\":\"https:\/\/somconnexio.coop\/#\/schema\/person\/630d418ae875e664d5aff0d4c2917af7\"},\"breadcrumb\":{\"@id\":\"https:\/\/somconnexio.coop\/es\/noticias\/rosalia-nueva-imagen-somos-conexion\/#breadcrumb\"},\"inLanguage\":\"es\",\"potentialAction\":[{\"@type\":\"ReadAction\",\"target\":[\"https:\/\/somconnexio.coop\/es\/noticias\/rosalia-nueva-imagen-somos-conexion\/\"]}]},{\"@type\":\"ImageObject\",\"inLanguage\":\"es\",\"@id\":\"https:\/\/somconnexio.coop\/es\/noticias\/rosalia-nueva-imagen-somos-conexion\/#primaryimage\",\"url\":\"https:\/\/somconnexio.coop\/wp-content\/uploads\/2019\/12\/Rosalia-Som.jpg\",\"contentUrl\":\"https:\/\/somconnexio.coop\/wp-content\/uploads\/2019\/12\/Rosalia-Som.jpg\",\"width\":1146,\"height\":746},{\"@type\":\"BreadcrumbList\",\"@id\":\"https:\/\/somconnexio.coop\/es\/noticias\/rosalia-nueva-imagen-somos-conexion\/#breadcrumb\",\"itemListElement\":[{\"@type\":\"ListItem\",\"position\":1,\"name\":\"Portada\",\"item\":\"https:\/\/somconnexio.coop\/es\/\"},{\"@type\":\"ListItem\",\"position\":2,\"name\":\"Rosal\u00eda, nueva imagen de Somos Conexi\u00f3n\"}]},{\"@type\":\"WebSite\",\"@id\":\"https:\/\/somconnexio.coop\/#website\",\"url\":\"https:\/\/somconnexio.coop\/\",\"name\":\"Somos Conexi\u00f3n\",\"description\":\"la 1a cooperativa de telefon\u00eda e internet\",\"potentialAction\":[{\"@type\":\"SearchAction\",\"target\":{\"@type\":\"EntryPoint\",\"urlTemplate\":\"https:\/\/somconnexio.coop\/?s={search_term_string}\"},\"query-input\":{\"@type\":\"PropertyValueSpecification\",\"valueRequired\":true,\"valueName\":\"search_term_string\"}}],\"inLanguage\":\"es\"},{\"@type\":\"Person\",\"@id\":\"https:\/\/somconnexio.coop\/#\/schema\/person\/630d418ae875e664d5aff0d4c2917af7\",\"name\":\"Som Connexi\u00f3\",\"url\":\"https:\/\/somconnexio.coop\/es\/author\/somconnexio\/\"}]}<\/script>\n<!-- \/ Yoast SEO plugin. -->","yoast_head_json":{"title":"Rosal\u00eda, nueva imagen de Somos Conexi\u00f3n - Somos Conexi\u00f3n","robots":{"index":"index","follow":"follow","max-snippet":"max-snippet:-1","max-image-preview":"max-image-preview:large","max-video-preview":"max-video-preview:-1"},"canonical":"https:\/\/somconnexio.coop\/es\/noticias\/rosalia-nueva-imagen-somos-conexion\/","og_locale":"es_ES","og_type":"article","og_title":"Rosal\u00eda, nueva imagen de Somos Conexi\u00f3n - Somos Conexi\u00f3n","og_description":"La cantante, que es socia de Somos Conexi\u00f3n desde el 2016, contin\u00faa utilizando la tarifa de 100 min y 2Gb que tiene contratada desde el primer d\u00eda En una rueda de prensa extraordinaria, Rosalia anunciaba ayer que firma por 3 a\u00f1os con la cooperativa de telecomunicaciones. La de Sant Esteve de Ses Rovires explic\u00f3 a [&hellip;]","og_url":"https:\/\/somconnexio.coop\/es\/noticias\/rosalia-nueva-imagen-somos-conexion\/","og_site_name":"Somos Conexi\u00f3n","article_published_time":"2019-12-28T07:00:17+00:00","article_modified_time":"2020-02-12T11:22:57+00:00","og_image":[{"width":1146,"height":746,"url":"https:\/\/somconnexio.coop\/wp-content\/uploads\/2019\/12\/Rosalia-Som.jpg","type":"image\/jpeg"}],"author":"Som Connexi\u00f3","twitter_card":"summary_large_image","twitter_misc":{"Escrito por":"Som Connexi\u00f3","Tiempo de lectura":"2 minutos"},"schema":{"@context":"https:\/\/schema.org","@graph":[{"@type":"WebPage","@id":"https:\/\/somconnexio.coop\/es\/noticias\/rosalia-nueva-imagen-somos-conexion\/","url":"https:\/\/somconnexio.coop\/es\/noticias\/rosalia-nueva-imagen-somos-conexion\/","name":"Rosal\u00eda, nueva imagen de Somos Conexi\u00f3n - Somos Conexi\u00f3n","isPartOf":{"@id":"https:\/\/somconnexio.coop\/#website"},"primaryImageOfPage":{"@id":"https:\/\/somconnexio.coop\/es\/noticias\/rosalia-nueva-imagen-somos-conexion\/#primaryimage"},"image":{"@id":"https:\/\/somconnexio.coop\/es\/noticias\/rosalia-nueva-imagen-somos-conexion\/#primaryimage"},"thumbnailUrl":"https:\/\/somconnexio.coop\/wp-content\/uploads\/2019\/12\/Rosalia-Som.jpg","datePublished":"2019-12-28T07:00:17+00:00","dateModified":"2020-02-12T11:22:57+00:00","author":{"@id":"https:\/\/somconnexio.coop\/#\/schema\/person\/630d418ae875e664d5aff0d4c2917af7"},"breadcrumb":{"@id":"https:\/\/somconnexio.coop\/es\/noticias\/rosalia-nueva-imagen-somos-conexion\/#breadcrumb"},"inLanguage":"es","potentialAction":[{"@type":"ReadAction","target":["https:\/\/somconnexio.coop\/es\/noticias\/rosalia-nueva-imagen-somos-conexion\/"]}]},{"@type":"ImageObject","inLanguage":"es","@id":"https:\/\/somconnexio.coop\/es\/noticias\/rosalia-nueva-imagen-somos-conexion\/#primaryimage","url":"https:\/\/somconnexio.coop\/wp-content\/uploads\/2019\/12\/Rosalia-Som.jpg","contentUrl":"https:\/\/somconnexio.coop\/wp-content\/uploads\/2019\/12\/Rosalia-Som.jpg","width":1146,"height":746},{"@type":"BreadcrumbList","@id":"https:\/\/somconnexio.coop\/es\/noticias\/rosalia-nueva-imagen-somos-conexion\/#breadcrumb","itemListElement":[{"@type":"ListItem","position":1,"name":"Portada","item":"https:\/\/somconnexio.coop\/es\/"},{"@type":"ListItem","position":2,"name":"Rosal\u00eda, nueva imagen de Somos Conexi\u00f3n"}]},{"@type":"WebSite","@id":"https:\/\/somconnexio.coop\/#website","url":"https:\/\/somconnexio.coop\/","name":"Somos Conexi\u00f3n","description":"la 1a cooperativa de telefon\u00eda e internet","potentialAction":[{"@type":"SearchAction","target":{"@type":"EntryPoint","urlTemplate":"https:\/\/somconnexio.coop\/?s={search_term_string}"},"query-input":{"@type":"PropertyValueSpecification","valueRequired":true,"valueName":"search_term_string"}}],"inLanguage":"es"},{"@type":"Person","@id":"https:\/\/somconnexio.coop\/#\/schema\/person\/630d418ae875e664d5aff0d4c2917af7","name":"Som Connexi\u00f3","url":"https:\/\/somconnexio.coop\/es\/author\/somconnexio\/"}]}},"_links":{"self":[{"href":"https:\/\/somconnexio.coop\/es\/wp-json\/wp\/v2\/posts\/10347","targetHints":{"allow":["GET"]}}],"collection":[{"href":"https:\/\/somconnexio.coop\/es\/wp-json\/wp\/v2\/posts"}],"about":[{"href":"https:\/\/somconnexio.coop\/es\/wp-json\/wp\/v2\/types\/post"}],"author":[{"embeddable":true,"href":"https:\/\/somconnexio.coop\/es\/wp-json\/wp\/v2\/users\/1"}],"replies":[{"embeddable":true,"href":"https:\/\/somconnexio.coop\/es\/wp-json\/wp\/v2\/comments?post=10347"}],"version-history":[{"count":5,"href":"https:\/\/somconnexio.coop\/es\/wp-json\/wp\/v2\/posts\/10347\/revisions"}],"predecessor-version":[{"id":10363,"href":"https:\/\/somconnexio.coop\/es\/wp-json\/wp\/v2\/posts\/10347\/revisions\/10363"}],"wp:featuredmedia":[{"embeddable":true,"href":"https:\/\/somconnexio.coop\/es\/wp-json\/wp\/v2\/media\/10343"}],"wp:attachment":[{"href":"https:\/\/somconnexio.coop\/es\/wp-json\/wp\/v2\/media?parent=10347"}],"wp:term":[{"taxonomy":"category","embeddable":true,"href":"https:\/\/somconnexio.coop\/es\/wp-json\/wp\/v2\/categories?post=10347"},{"taxonomy":"post_tag","embeddable":true,"href":"https:\/\/somconnexio.coop\/es\/wp-json\/wp\/v2\/tags?post=10347"}],"curies":[{"name":"wp","href":"https:\/\/api.w.org\/{rel}","templated":true}]}}