  {"id":16414,"date":"2022-04-21T15:47:44","date_gmt":"2022-04-21T13:47:44","guid":{"rendered":"https:\/\/somconnexio.coop\/?p=16414"},"modified":"2025-01-25T23:57:59","modified_gmt":"2025-01-25T22:57:59","slug":"es-posible-consumir-tecnologia-y-telecomunicaciones-de-forma-mas-sostenible-para-el-planeta","status":"publish","type":"post","link":"https:\/\/somconnexio.coop\/es\/sostenibilidad\/es-posible-consumir-tecnologia-y-telecomunicaciones-de-forma-mas-sostenible-para-el-planeta\/","title":{"rendered":"\u00bfEs posible consumir tecnolog\u00eda y telecomunicaciones de forma m\u00e1s sostenible para el planeta?"},"content":{"rendered":"<p>All\u00e1 hacia el 2004 se celebr\u00f3 en el Jap\u00f3n una cumbre del G8, y en aquel contexto, el primer ministro japon\u00e9s, Koizumi Junichiro, defendi\u00f3 una propuesta de Greenpeace que hablaba por primera vez de trabajar <a href=\"https:\/\/es.wikipedia.org\/wiki\/Regla_de_las_tres_erres\">alrededor de las 3 R<\/a> (reciclar, reutilizar y reducir) para hacer frente a las amenazas a las cuales hac\u00eda frente el planeta (desertizaci\u00f3n, extinci\u00f3n de especies, cambio de temperatura, etc.)<\/p>\n<p><!--more--><\/p>\n<p>Han pasado muchos a\u00f1os desde entonces y la situaci\u00f3n, lejos de mejorar, se ha complicado tanto que los expertos ya han se\u00f1alado una fecha tope (dicen las expertas que 2030) para hacer revertir las consecuencias de la crisis clim\u00e1tica a la cual nos abocamos. Os recomendamos mucho este podcast de Cr\u00edtico, que de forma rigurosa hace seguimiento de temas vinculados a la crisis clim\u00e1tica.<\/p>\n<p style=\"text-align: left;\"><strong>De 3 erres, hemos pasado a hablar de 7:<\/strong> <strong>redise\u00f1ar, reducir, reutilizar, reparar, renovar, recuperar y reciclar<\/strong>. No hay una f\u00f3rmula m\u00e1gica que revierta la situaci\u00f3n de forma autom\u00e1tica: reconducir la situaci\u00f3n requiere varias medidas que a menudo son complementarias entre ellas y aplicables en diferentes momentos de nuestra vida. La propuesta de las R, sigue viva, y muy probablemente ir\u00e1 evolucionando y a\u00f1adiendo m\u00e1s opciones a las que ya conocemos. Y es que los esfuerzos para reconducir la situaci\u00f3n del planeta requieren grandes medidas y cambios de h\u00e1bitos sustanciales en la vida de las personas.<\/p>\n<p><img loading=\"lazy\" decoding=\"async\" class=\"size-medium wp-image-16430 aligncenter\" src=\"https:\/\/somconnexio.coop\/es\/wp-content\/uploads\/2022\/04\/set-r-infografia-cast-300x300.jpg\" alt=\"Infograf\u00eda. Las 7 Rs.\" width=\"300\" height=\"300\" srcset=\"https:\/\/somconnexio.coop\/wp-content\/uploads\/2022\/04\/set-r-infografia-cast-300x300.jpg 300w, https:\/\/somconnexio.coop\/wp-content\/uploads\/2022\/04\/set-r-infografia-cast-1024x1024.jpg 1024w, https:\/\/somconnexio.coop\/wp-content\/uploads\/2022\/04\/set-r-infografia-cast-150x150.jpg 150w, https:\/\/somconnexio.coop\/wp-content\/uploads\/2022\/04\/set-r-infografia-cast-768x768.jpg 768w, https:\/\/somconnexio.coop\/wp-content\/uploads\/2022\/04\/set-r-infografia-cast.jpg 1500w\" sizes=\"auto, (max-width: 300px) 100vw, 300px\" \/><\/p>\n<p>Hoy queremos proponeros diferentes aplicaciones de todas estas R en el \u00e1mbito tecnol\u00f3gico. Cada acci\u00f3n cuenta!<\/p>\n<h2>Redise\u00f1ar<\/h2>\n<p>El objetivo del redise\u00f1o es repensar los productos de forma que su propia concepci\u00f3n ya contemple su recorrido vital: desde los materiales que se utilizan, el impacto de la fabricaci\u00f3n, de la distribuci\u00f3n y la durabilidad de este.<\/p>\n<p>Actualmente, muchos productos, entre ellos los aparatos tecnol\u00f3gicos que usamos cada d\u00eda, responden a una l\u00f3gica consumista y est\u00e1n dise\u00f1ados para tener que ser sustituidos en un espacio corto de tiempo. Seguro que hab\u00e9is escuchado hablar de la obsolescencia programada,<a href=\"https:\/\/somconnexio.coop\/es\/obsolescencia-programada-telefono-movil\/\"> hablamos hace poco al blog<\/a>. Esta pr\u00e1ctica, nada \u00e9tica, responde a la necesidad del mercado capitalista de promover un flujo de adquisici\u00f3n de productos continuado e infinito.<\/p>\n<p>Por suerte, tenemos ejemplos que las cosas se pueden hacer diferente:<\/p>\n<p>Los dispositivos de Fairphone usan materiales obtenidos de forma responsable y reciclan todos los componentes que poden. No solo tienen presentes que los materiales utilizados sean de origen sostenible sino que el proceso de fabricaci\u00f3n y distribuci\u00f3n tambi\u00e9n est\u00e1 pensado para reducir el impacto ambiental y mejorar el impacto social. El \u00faltimo dispositivo que conocemos de esta marca es considerado como el primer m\u00f3vil neutral en residuos electr\u00f3nicos, cosa que quiere decir que por cada nuevo dispositivo se recicla \u00edntegramente otro. Adem\u00e1s, hace poco supimos tambi\u00e9n que el software de Fairphone<a href=\"https:\/\/www.youtube.com\/watch?v=S9JSHvgfOm0\"> sigue apoyando a los tel\u00e9fonos que comercializaron hace 7 a\u00f1os.<\/a> No toda la obsolescencia programada est\u00e1 vinculada al hardware!<\/p>\n<h3>Reducir<\/h3>\n<p>Reducir el consumo en todos los sentidos es uno de los aspectos clave para reconducir la situaci\u00f3n en la cual nos encontramos. En general, todas y todos podemos hacer autocr\u00edtica del tipo de consumo que practicamos en el d\u00eda a d\u00eda y si lo analizamos con cuidado veremos, que muchas de las cosas que basura o adquirimos no son necesarias (a pesar de que nos pueda parecer que son c\u00f3modas).<\/p>\n<p>El \u00e1mbito tecnol\u00f3gico no es ajeno a este consumo desmesurado, m\u00e1s bien al contrario.<\/p>\n<p>Hace unos meses publicamos un art\u00edculo con una recopilaci\u00f3n de consejos para <a href=\"https:\/\/somconnexio.coop\/es\/8-tips-para-un-consumo-responsable-de-internet-y-telefonia\/\">reducir y optimizar el consumo de internet y telefon\u00eda.<\/a> Se trata de un compendio de consejos y pr\u00e1cticas que os ayudar\u00e1n a reducir la factura, pero tambi\u00e9n el impacto que vuestras pr\u00e1cticas diarias tienen en el planeta.<\/p>\n<h4>Reutilizar<\/h4>\n<p>El antagonista del \u201cdesechable\u201d: reutilizar es una pr\u00e1ctica bastante extendida (pero no suficiente) de dar una segunda vida a aquello que, previsiblemente, ya no usaremos. De esto saben mucho los hermanos y hermanas peque\u00f1os de la mayor\u00eda de familias.<\/p>\n<p>No hacen falta grandes dotes de imaginaci\u00f3n para dar una segunda vida a los objetos tecnol\u00f3gicos, puesto que tenemos la tendencia a deshacernos de ellos por el simple hecho de comprar un nuevo, o con mejores prestaciones, pero no porque el aparato haya dejado de funcionar o sea inservible.<\/p>\n<p>Si realmente tenemos que sustituir aquel dispositivo, pensamos en c\u00f3mo podemos evitar convertirlo en un residuo y d\u00e9mosle usos secundarios: ordenadores que se han convertido en \u201ctelevisores\u201d donde ver series desde cualquier lugar, m\u00f3viles que se han convertido en c\u00e1maras de fotos por los ni\u00f1os, tabletas reconvertidas en pantallas por el coche, etc.<\/p>\n<h3>Reparar<\/h3>\n<p>He aqu\u00ed una de las pr\u00e1cticas que m\u00e1s nos cuesta recuperar, a pesar de que reparar es algo que se ha hecho toda la vida. Hay que se\u00f1alar que parte de culpa de esta dificultad la tiene el marketing que se ha construido alrededor de la obsolescencia programada. Cu\u00e1ntos de vosotros hab\u00e9is llevado una impresora a reparar y os han dicho que era m\u00e1s troco comprar una de nueva que arreglar la vieja? (y el mismo pasa con el microondas, la cafetera, el m\u00f3vil\u2026)<\/p>\n<p>Por suerte, el cambio de mentalidad y el empuj\u00f3n de muchas personas y colectivos est\u00e1 recuperando el h\u00e1bito de reparar y cada vez vemos m\u00e1s entidades que programan actividades en diferentes espacios sociales y culturales para aprender a arreglar diferentes electrodom\u00e9sticos. Tambi\u00e9n encontramos cada vez m\u00e1s presente en casa nuestra el movimiento maker, que promueve la idea que todo el mundo es capaz de hacer cualquier cosa a trav\u00e9s del aprendizaje colectivo en espacios sociales. La posibilidad de mancomunar herramientas y disponer de espacios habilitados por las tareas de reparaci\u00f3n tambi\u00e9n es clave para hacer m\u00e1s accesible esta posibilidad.<\/p>\n<p>La administraci\u00f3n tambi\u00e9n ha metido baza y desde el mes de enero de 2022 se ha actualizado la <a href=\"https:\/\/www.newtral.es\/derecho-a-reparar-garantia-europea-espana\/20220122\/\">Ley General de Defensa de los Consumidores.<\/a> Una de las novedades, por ejemplo, es que los fabricantes est\u00e1n obligados a ofrecer recambios de los elementos de los dispositivos que comercializan como m\u00ednimo hasta 5 a\u00f1os despu\u00e9s de la comercializaci\u00f3n, cosa que ahora no pasaba.<\/p>\n<h3>Renovar<\/h3>\n<p>Todo el que hemos dicho hasta ahora tiene que ver con no consumir nuevos productos a no ser que sea estrictamente necesario. Y cuando pasa esto?<\/p>\n<ul>\n<li>Cuando aquel aparato o dispositivo ya no mujer respondida a necesidades (necesidades reales, que vaya m\u00e1s r\u00e1pido solo es una comodidad) que tenemos.<\/li>\n<li>Cuando est\u00e1 estropeado y es irreparable<\/li>\n<\/ul>\n<p>Y si lo sustituimos, bajo qu\u00e9 criterios lo hacemos? Si tenemos que adquirir un nuevo producto, es muy importante que invirtamos en un producto que siga criterios de sostenibilidad: menos consumo energ\u00e9tico, hecho con materiales tan sostenibles como sea posible, con un proceso de fabricaci\u00f3n de bajo impacto ambiental y que garantice una perdurabilidad razonable en el tiempo.<\/p>\n<p>Cuando hablamos de renovar, tambi\u00e9n hablamos de dar una segunda vida a aquellos objetos que, por el motivo que sea ya no pueden seguir dando servicio. En este sentido, son muy interesantes las propuestas vinculadas al reciclaje art\u00edstico, que utilizan elementos comunes inutilizables por su funci\u00f3n inicial y se los dan un nuevo sentido y una nueva vida. Hay aut\u00e9nticas obras de arte hechas con elementos que, otras maneras, habr\u00edan acabado convirti\u00e9ndose en residuos.<\/p>\n<h3>Recuperar<\/h3>\n<p>Todos aquellos elementos que podamos recuperar de antiguos aparatos para seguirlos usando es muy efectivo para reducir residuos. Por ejemplo, si ten\u00e9is que cambiar de ordenador de mesa, no hace falta que tambi\u00e9n compr\u00e1is un nuevo teclado o un nuevo rat\u00f3n. Tambi\u00e9n se pueden reutilizar las pantallas por otros usos, incluso con fines decorativas (Pinterest va pleno de propuestas para recuperar objetos tecnol\u00f3gicos!)<\/p>\n<p>A la vez, recuperar tambi\u00e9n puede hacer referencia a elementos m\u00e1s peque\u00f1os de los dispositivos. Los pod\u00e9is volver a utilizar vosotros o los pod\u00e9is dar en espacios y entidades que mancomunan recursos y herramientas.<\/p>\n<h3>Reciclar<\/h3>\n<p>Sabes que el 90% de los componentes de tu m\u00f3vil son reciclables? Si te tienes que deshacer definitivamente de un dispositivo, por favor, hazlo de forma responsable! Hace tiempo preparamos este<a href=\"https:\/\/somconnexio.coop\/es\/reciclar-movil-antiguo\/\"> art\u00edculo<\/a> donde explic\u00e1bamos qu\u00e9 es el proceso correcto para reciclar de forma efectiva los aparatos electr\u00f3nicos personales.<\/p>\n<p>Para empezar, hace falta que reinicialices el dispositivo para asegurarte que eliminas todos los datos personales que puedan quedar almacenadas. Una vez hecha esto tenso varias opciones para reciclar el dispositivo:<\/p>\n<ul>\n<li>Llevarlo a la tienda de electrodom\u00e9stico donde compres el nuevo dispositivo porque ellos se encarguen del reciclaje de forma adecuada.<\/li>\n<li>Llevarlo a la desecher\u00eda m\u00e1s pr\u00f3xima en casa tuya.<\/li>\n<li>Si tu tel\u00e9fono m\u00f3vil todav\u00eda puede ser vuelto a condicionar o bien contiene partes que pueden ser reutilizadas hay varias ONG como por ejemplo <a href=\"https:\/\/www.oxfamintermon.org\/es\/recicla-tu-movil\">Ofxam Interm\u00f3n<\/a>, <a href=\"https:\/\/www.es.amnesty.org\/actua\/recicla-tu-movil\/\">Amnist\u00eda Internacional<\/a> o el<a href=\"https:\/\/janegoodall.es\/es\/movilizateporlaselva.html\"> instituto Jane Goodall<\/a> que tienen programas de recogida de m\u00f3viles.<\/li>\n<\/ul>\n<h3>\u00bfY qu\u00e9 conseguimos si aplicamos todas estas \u201cR\u201d en nuestras pr\u00e1cticas diarias?<\/h3>\n<p>Pues hacemos crecer la econom\u00eda circular, que es aquella que persigue alargar al m\u00e1ximo el ciclo de la vida de los productos, generando a la vez el m\u00ednimo residuo. Este modelo de producci\u00f3n y consumo permite que, cuando un producto ha llegado al final de su vida \u00fatil siga manteniendo en circulaci\u00f3n algunos de sus elementos y materiales, los que todav\u00eda son reutilizables. Seg\u00fan el Parlamento Europeo, actualmente la producci\u00f3n de materiales que usamos diariamente son responsables del 45% de las emisiones de CO\u2082. Qu\u00e9 pasar\u00eda si este material no se tuviera que producir de nuevo? Avanzar hacia una econom\u00eda circular reducir\u00e1 la presi\u00f3n sobre el medio ambiente y tambi\u00e9n liberar\u00e1 la presi\u00f3n sobre las materias primas, muchas de ellas con una existencia muy comprometida.<\/p>\n<p>Est\u00e1 en nuestras manos hacer el cambio de chip e ir incorporando a nuestro d\u00eda a d\u00eda todas estas pr\u00e1cticas en beneficio del bien com\u00fan. Si os falta un empujoncito, os invitamos a visitar el <a href=\"https:\/\/ejatlas.org\/\">Atlas de la Justicia Ambiental<\/a>, un proyecto que explica de forma rigurosa qu\u00e9 es el impacto de nuestro consumo al mundo.<\/p>\n<p>_<\/p>\n<p>Si quieres hacer cualquier correcci\u00f3n o aportaci\u00f3n a este art\u00edculo, por favor menci\u00f3nanos en redes sociales o dir\u00edgite a <a href=\"mailto:participa@somconnexio.coop\">participa@somconnexio.coop<\/a><a href=\"\/?page_id=5859\">.<\/a><\/p>\n<p><em>Revisado por \u00faltima vez en fecha 25 de abril de 2022.<\/em><\/p>\n<h3 class=\"crp-list-title\">Tambi\u00e9n te puede interesar<\/h3><p>None found<\/p>\n","protected":false},"excerpt":{"rendered":"<p>All\u00e1 hacia el 2004 se celebr\u00f3 en el Jap\u00f3n una cumbre del G8, y en aquel contexto, el primer ministro japon\u00e9s, Koizumi Junichiro, defendi\u00f3 una propuesta de Greenpeace que hablaba por primera vez de trabajar alrededor de las 3 R (reciclar, reutilizar y reducir) para hacer frente a las amenazas a las cuales hac\u00eda frente [&hellip;]<\/p>\n","protected":false},"author":1,"featured_media":16417,"comment_status":"closed","ping_status":"closed","sticky":false,"template":"","format":"standard","meta":{"footnotes":""},"categories":[290],"tags":[],"class_list":["post-16414","post","type-post","status-publish","format-standard","has-post-thumbnail","hentry","category-sostenibilidad"],"yoast_head":"<!-- This site is optimized with the Yoast SEO plugin v25.1 - https:\/\/yoast.com\/wordpress\/plugins\/seo\/ -->\n<title>\u00bfEs posible consumir tecnolog\u00eda y telecomunicaciones de forma m\u00e1s sostenible para el planeta? - Somos Conexi\u00f3n<\/title>\n<meta name=\"description\" content=\"De las 3 erres, hemos pasado a hablar de 7: redise\u00f1ar, reducir, reutilizar, reparar, renovar, recuperar y reciclar en el \u00e1mbito de la tecnolog\u00eda.\" \/>\n<meta name=\"robots\" content=\"index, follow, max-snippet:-1, max-image-preview:large, max-video-preview:-1\" \/>\n<link rel=\"canonical\" href=\"https:\/\/somconnexio.coop\/es\/sostenibilidad\/es-posible-consumir-tecnologia-y-telecomunicaciones-de-forma-mas-sostenible-para-el-planeta\/\" \/>\n<meta property=\"og:locale\" content=\"es_ES\" \/>\n<meta property=\"og:type\" content=\"article\" \/>\n<meta property=\"og:title\" content=\"\u00bfEs posible consumir tecnolog\u00eda y telecomunicaciones de forma m\u00e1s sostenible para el planeta? - Somos Conexi\u00f3n\" \/>\n<meta property=\"og:description\" content=\"De las 3 erres, hemos pasado a hablar de 7: redise\u00f1ar, reducir, reutilizar, reparar, renovar, recuperar y reciclar en el \u00e1mbito de la tecnolog\u00eda.\" \/>\n<meta property=\"og:url\" content=\"https:\/\/somconnexio.coop\/es\/sostenibilidad\/es-posible-consumir-tecnologia-y-telecomunicaciones-de-forma-mas-sostenible-para-el-planeta\/\" \/>\n<meta property=\"og:site_name\" content=\"Somos Conexi\u00f3n\" \/>\n<meta property=\"article:published_time\" content=\"2022-04-21T13:47:44+00:00\" \/>\n<meta property=\"article:modified_time\" content=\"2025-01-25T22:57:59+00:00\" \/>\n<meta property=\"og:image\" content=\"https:\/\/somconnexio.coop\/wp-content\/uploads\/2022\/04\/tres-r-cast.jpg\" \/>\n\t<meta property=\"og:image:width\" content=\"1500\" \/>\n\t<meta property=\"og:image:height\" content=\"786\" \/>\n\t<meta property=\"og:image:type\" content=\"image\/jpeg\" \/>\n<meta name=\"author\" content=\"Som Connexi\u00f3\" \/>\n<meta name=\"twitter:card\" content=\"summary_large_image\" \/>\n<meta name=\"twitter:label1\" content=\"Escrito por\" \/>\n\t<meta name=\"twitter:data1\" content=\"Som Connexi\u00f3\" \/>\n\t<meta name=\"twitter:label2\" content=\"Tiempo de lectura\" \/>\n\t<meta name=\"twitter:data2\" content=\"8 minutos\" \/>\n<script type=\"application\/ld+json\" class=\"yoast-schema-graph\">{\"@context\":\"https:\/\/schema.org\",\"@graph\":[{\"@type\":\"WebPage\",\"@id\":\"https:\/\/somconnexio.coop\/es\/sostenibilidad\/es-posible-consumir-tecnologia-y-telecomunicaciones-de-forma-mas-sostenible-para-el-planeta\/\",\"url\":\"https:\/\/somconnexio.coop\/es\/sostenibilidad\/es-posible-consumir-tecnologia-y-telecomunicaciones-de-forma-mas-sostenible-para-el-planeta\/\",\"name\":\"\u00bfEs posible consumir tecnolog\u00eda y telecomunicaciones de forma m\u00e1s sostenible para el planeta? - Somos Conexi\u00f3n\",\"isPartOf\":{\"@id\":\"https:\/\/somconnexio.coop\/#website\"},\"primaryImageOfPage\":{\"@id\":\"https:\/\/somconnexio.coop\/es\/sostenibilidad\/es-posible-consumir-tecnologia-y-telecomunicaciones-de-forma-mas-sostenible-para-el-planeta\/#primaryimage\"},\"image\":{\"@id\":\"https:\/\/somconnexio.coop\/es\/sostenibilidad\/es-posible-consumir-tecnologia-y-telecomunicaciones-de-forma-mas-sostenible-para-el-planeta\/#primaryimage\"},\"thumbnailUrl\":\"https:\/\/somconnexio.coop\/wp-content\/uploads\/2022\/04\/tres-r-cast.jpg\",\"datePublished\":\"2022-04-21T13:47:44+00:00\",\"dateModified\":\"2025-01-25T22:57:59+00:00\",\"author\":{\"@id\":\"https:\/\/somconnexio.coop\/#\/schema\/person\/630d418ae875e664d5aff0d4c2917af7\"},\"description\":\"De las 3 erres, hemos pasado a hablar de 7: redise\u00f1ar, reducir, reutilizar, reparar, renovar, recuperar y reciclar en el \u00e1mbito de la tecnolog\u00eda.\",\"breadcrumb\":{\"@id\":\"https:\/\/somconnexio.coop\/es\/sostenibilidad\/es-posible-consumir-tecnologia-y-telecomunicaciones-de-forma-mas-sostenible-para-el-planeta\/#breadcrumb\"},\"inLanguage\":\"es\",\"potentialAction\":[{\"@type\":\"ReadAction\",\"target\":[\"https:\/\/somconnexio.coop\/es\/sostenibilidad\/es-posible-consumir-tecnologia-y-telecomunicaciones-de-forma-mas-sostenible-para-el-planeta\/\"]}]},{\"@type\":\"ImageObject\",\"inLanguage\":\"es\",\"@id\":\"https:\/\/somconnexio.coop\/es\/sostenibilidad\/es-posible-consumir-tecnologia-y-telecomunicaciones-de-forma-mas-sostenible-para-el-planeta\/#primaryimage\",\"url\":\"https:\/\/somconnexio.coop\/wp-content\/uploads\/2022\/04\/tres-r-cast.jpg\",\"contentUrl\":\"https:\/\/somconnexio.coop\/wp-content\/uploads\/2022\/04\/tres-r-cast.jpg\",\"width\":1500,\"height\":786,\"caption\":\"M\u00e1s all\u00e1 de las 3 \\\"R\\\"\"},{\"@type\":\"BreadcrumbList\",\"@id\":\"https:\/\/somconnexio.coop\/es\/sostenibilidad\/es-posible-consumir-tecnologia-y-telecomunicaciones-de-forma-mas-sostenible-para-el-planeta\/#breadcrumb\",\"itemListElement\":[{\"@type\":\"ListItem\",\"position\":1,\"name\":\"Portada\",\"item\":\"https:\/\/somconnexio.coop\/es\/\"},{\"@type\":\"ListItem\",\"position\":2,\"name\":\"\u00bfEs posible consumir tecnolog\u00eda y telecomunicaciones de forma m\u00e1s sostenible para el planeta?\"}]},{\"@type\":\"WebSite\",\"@id\":\"https:\/\/somconnexio.coop\/#website\",\"url\":\"https:\/\/somconnexio.coop\/\",\"name\":\"Somos Conexi\u00f3n\",\"description\":\"la 1a cooperativa de telefon\u00eda e internet\",\"potentialAction\":[{\"@type\":\"SearchAction\",\"target\":{\"@type\":\"EntryPoint\",\"urlTemplate\":\"https:\/\/somconnexio.coop\/?s={search_term_string}\"},\"query-input\":{\"@type\":\"PropertyValueSpecification\",\"valueRequired\":true,\"valueName\":\"search_term_string\"}}],\"inLanguage\":\"es\"},{\"@type\":\"Person\",\"@id\":\"https:\/\/somconnexio.coop\/#\/schema\/person\/630d418ae875e664d5aff0d4c2917af7\",\"name\":\"Som Connexi\u00f3\",\"url\":\"https:\/\/somconnexio.coop\/es\/author\/somconnexio\/\"}]}<\/script>\n<!-- \/ Yoast SEO plugin. -->","yoast_head_json":{"title":"\u00bfEs posible consumir tecnolog\u00eda y telecomunicaciones de forma m\u00e1s sostenible para el planeta? - Somos Conexi\u00f3n","description":"De las 3 erres, hemos pasado a hablar de 7: redise\u00f1ar, reducir, reutilizar, reparar, renovar, recuperar y reciclar en el \u00e1mbito de la tecnolog\u00eda.","robots":{"index":"index","follow":"follow","max-snippet":"max-snippet:-1","max-image-preview":"max-image-preview:large","max-video-preview":"max-video-preview:-1"},"canonical":"https:\/\/somconnexio.coop\/es\/sostenibilidad\/es-posible-consumir-tecnologia-y-telecomunicaciones-de-forma-mas-sostenible-para-el-planeta\/","og_locale":"es_ES","og_type":"article","og_title":"\u00bfEs posible consumir tecnolog\u00eda y telecomunicaciones de forma m\u00e1s sostenible para el planeta? - Somos Conexi\u00f3n","og_description":"De las 3 erres, hemos pasado a hablar de 7: redise\u00f1ar, reducir, reutilizar, reparar, renovar, recuperar y reciclar en el \u00e1mbito de la tecnolog\u00eda.","og_url":"https:\/\/somconnexio.coop\/es\/sostenibilidad\/es-posible-consumir-tecnologia-y-telecomunicaciones-de-forma-mas-sostenible-para-el-planeta\/","og_site_name":"Somos Conexi\u00f3n","article_published_time":"2022-04-21T13:47:44+00:00","article_modified_time":"2025-01-25T22:57:59+00:00","og_image":[{"width":1500,"height":786,"url":"https:\/\/somconnexio.coop\/wp-content\/uploads\/2022\/04\/tres-r-cast.jpg","type":"image\/jpeg"}],"author":"Som Connexi\u00f3","twitter_card":"summary_large_image","twitter_misc":{"Escrito por":"Som Connexi\u00f3","Tiempo de lectura":"8 minutos"},"schema":{"@context":"https:\/\/schema.org","@graph":[{"@type":"WebPage","@id":"https:\/\/somconnexio.coop\/es\/sostenibilidad\/es-posible-consumir-tecnologia-y-telecomunicaciones-de-forma-mas-sostenible-para-el-planeta\/","url":"https:\/\/somconnexio.coop\/es\/sostenibilidad\/es-posible-consumir-tecnologia-y-telecomunicaciones-de-forma-mas-sostenible-para-el-planeta\/","name":"\u00bfEs posible consumir tecnolog\u00eda y telecomunicaciones de forma m\u00e1s sostenible para el planeta? - Somos Conexi\u00f3n","isPartOf":{"@id":"https:\/\/somconnexio.coop\/#website"},"primaryImageOfPage":{"@id":"https:\/\/somconnexio.coop\/es\/sostenibilidad\/es-posible-consumir-tecnologia-y-telecomunicaciones-de-forma-mas-sostenible-para-el-planeta\/#primaryimage"},"image":{"@id":"https:\/\/somconnexio.coop\/es\/sostenibilidad\/es-posible-consumir-tecnologia-y-telecomunicaciones-de-forma-mas-sostenible-para-el-planeta\/#primaryimage"},"thumbnailUrl":"https:\/\/somconnexio.coop\/wp-content\/uploads\/2022\/04\/tres-r-cast.jpg","datePublished":"2022-04-21T13:47:44+00:00","dateModified":"2025-01-25T22:57:59+00:00","author":{"@id":"https:\/\/somconnexio.coop\/#\/schema\/person\/630d418ae875e664d5aff0d4c2917af7"},"description":"De las 3 erres, hemos pasado a hablar de 7: redise\u00f1ar, reducir, reutilizar, reparar, renovar, recuperar y reciclar en el \u00e1mbito de la tecnolog\u00eda.","breadcrumb":{"@id":"https:\/\/somconnexio.coop\/es\/sostenibilidad\/es-posible-consumir-tecnologia-y-telecomunicaciones-de-forma-mas-sostenible-para-el-planeta\/#breadcrumb"},"inLanguage":"es","potentialAction":[{"@type":"ReadAction","target":["https:\/\/somconnexio.coop\/es\/sostenibilidad\/es-posible-consumir-tecnologia-y-telecomunicaciones-de-forma-mas-sostenible-para-el-planeta\/"]}]},{"@type":"ImageObject","inLanguage":"es","@id":"https:\/\/somconnexio.coop\/es\/sostenibilidad\/es-posible-consumir-tecnologia-y-telecomunicaciones-de-forma-mas-sostenible-para-el-planeta\/#primaryimage","url":"https:\/\/somconnexio.coop\/wp-content\/uploads\/2022\/04\/tres-r-cast.jpg","contentUrl":"https:\/\/somconnexio.coop\/wp-content\/uploads\/2022\/04\/tres-r-cast.jpg","width":1500,"height":786,"caption":"M\u00e1s all\u00e1 de las 3 \"R\""},{"@type":"BreadcrumbList","@id":"https:\/\/somconnexio.coop\/es\/sostenibilidad\/es-posible-consumir-tecnologia-y-telecomunicaciones-de-forma-mas-sostenible-para-el-planeta\/#breadcrumb","itemListElement":[{"@type":"ListItem","position":1,"name":"Portada","item":"https:\/\/somconnexio.coop\/es\/"},{"@type":"ListItem","position":2,"name":"\u00bfEs posible consumir tecnolog\u00eda y telecomunicaciones de forma m\u00e1s sostenible para el planeta?"}]},{"@type":"WebSite","@id":"https:\/\/somconnexio.coop\/#website","url":"https:\/\/somconnexio.coop\/","name":"Somos Conexi\u00f3n","description":"la 1a cooperativa de telefon\u00eda e internet","potentialAction":[{"@type":"SearchAction","target":{"@type":"EntryPoint","urlTemplate":"https:\/\/somconnexio.coop\/?s={search_term_string}"},"query-input":{"@type":"PropertyValueSpecification","valueRequired":true,"valueName":"search_term_string"}}],"inLanguage":"es"},{"@type":"Person","@id":"https:\/\/somconnexio.coop\/#\/schema\/person\/630d418ae875e664d5aff0d4c2917af7","name":"Som Connexi\u00f3","url":"https:\/\/somconnexio.coop\/es\/author\/somconnexio\/"}]}},"_links":{"self":[{"href":"https:\/\/somconnexio.coop\/es\/wp-json\/wp\/v2\/posts\/16414","targetHints":{"allow":["GET"]}}],"collection":[{"href":"https:\/\/somconnexio.coop\/es\/wp-json\/wp\/v2\/posts"}],"about":[{"href":"https:\/\/somconnexio.coop\/es\/wp-json\/wp\/v2\/types\/post"}],"author":[{"embeddable":true,"href":"https:\/\/somconnexio.coop\/es\/wp-json\/wp\/v2\/users\/1"}],"replies":[{"embeddable":true,"href":"https:\/\/somconnexio.coop\/es\/wp-json\/wp\/v2\/comments?post=16414"}],"version-history":[{"count":19,"href":"https:\/\/somconnexio.coop\/es\/wp-json\/wp\/v2\/posts\/16414\/revisions"}],"predecessor-version":[{"id":16529,"href":"https:\/\/somconnexio.coop\/es\/wp-json\/wp\/v2\/posts\/16414\/revisions\/16529"}],"wp:featuredmedia":[{"embeddable":true,"href":"https:\/\/somconnexio.coop\/es\/wp-json\/wp\/v2\/media\/16417"}],"wp:attachment":[{"href":"https:\/\/somconnexio.coop\/es\/wp-json\/wp\/v2\/media?parent=16414"}],"wp:term":[{"taxonomy":"category","embeddable":true,"href":"https:\/\/somconnexio.coop\/es\/wp-json\/wp\/v2\/categories?post=16414"},{"taxonomy":"post_tag","embeddable":true,"href":"https:\/\/somconnexio.coop\/es\/wp-json\/wp\/v2\/tags?post=16414"}],"curies":[{"name":"wp","href":"https:\/\/api.w.org\/{rel}","templated":true}]}}