  {"id":18609,"date":"2023-06-12T10:54:06","date_gmt":"2023-06-12T08:54:06","guid":{"rendered":"https:\/\/somconnexio.coop\/?p=18609"},"modified":"2025-02-12T23:15:23","modified_gmt":"2025-02-12T22:15:23","slug":"inteligencia-artificial-que-gran-idea","status":"publish","type":"post","link":"https:\/\/somconnexio.coop\/es\/uso-responsable-de-internet\/inteligencia-artificial-que-gran-idea\/","title":{"rendered":"Desciframos paso a paso la Inteligencia Artificial"},"content":{"rendered":"<p><span style=\"font-weight: 400;\">Ya casi todo el mundo hemos o\u00eddo hablar del chatbot <strong>ChatGPT<\/strong> (e incluso hemos \u201cconversado\u201d con \u201c\u00e9l\u201d), una herramienta que responde a todo lo que le pedimos por escrito: redacta cualquier tipo de texto, resume o desarrolla cualquier idea o argumento, incluso es capaz de programar.<\/span><\/p>\n<p><b>Y todo ello lo hace de forma casi indistinguible de c\u00f3mo lo har\u00eda un ser humano.<\/b><\/p>\n<p><span style=\"font-weight: 400;\">Quiz\u00e1s tambi\u00e9n os suene el nombre de los software <\/span><i><span style=\"font-weight: 400;\">DALL\u00b7E 2<\/span><\/i><span style=\"font-weight: 400;\"> o<\/span><i><span style=\"font-weight: 400;\"> Midjourney<\/span><\/i><span style=\"font-weight: 400;\">, dos IA que, con indicaciones por escrito, crean im\u00e1genes, fotograf\u00edas y dibujos muy veros\u00edmiles.<\/span><\/p>\n<p><span style=\"font-weight: 400;\">Y hay muchas m\u00e1s, especializadas en otros temas, como el dise\u00f1o, la m\u00fasica o la educaci\u00f3n.<\/span><\/p>\n<p><span style=\"font-weight: 400;\">Estas herramientas son lo que se denomina Inteligencia Artificial Generativa, porque tienen la capacidad de generar contenidos nuevos.<\/span><\/p>\n<p><span style=\"font-weight: 400;\">La IA generativa tiene grandes aplicaciones, todas ellas con un enorme potencial para la especie humana.<\/span><\/p>\n<p><span style=\"font-weight: 400;\">Puestos a so\u00f1ar, quiz\u00e1s llegue el d\u00eda en que este tipo de IA nos permita dejar de trabajar y dedicarnos a lo que m\u00e1s nos gusta.<\/span><\/p>\n<p><b>\u00bfEs muy ut\u00f3pico pensar que estamos m\u00e1s cerca que nunca de la verdadera sociedad del bienestar?<\/b><\/p>\n<p><span style=\"font-weight: 400;\">Cierto, un peque\u00f1o reducto de pensadores y tecn\u00f3logos est\u00e1 generando un alarmismo injustificado. Dicen que la IA esconde ciertos peligros. Que no es inocua.<\/span><\/p>\n<p><span style=\"font-weight: 400;\">Seguramente estos \u201cexpertos\u201d ser\u00edan los mismos que en la \u00e9poca de la Revoluci\u00f3n Industrial advert\u00edan sobre los peligros de los telares mec\u00e1nicos. Y es que reconozc\u00e1moslo, no tiene sentido ponerle puertas al campo.<\/span><\/p>\n<p><span style=\"font-weight: 400;\">Si crees que todo lo que acabas de leer es cierto, enhorabuena, <\/span><b>has asimilado el relato imperante sobre la IA.<\/b><\/p>\n<p><span style=\"font-weight: 400;\">Quiz\u00e1s te ir\u00eda bien seguir leyendo este art\u00edculo\u2026<\/span><\/p>\n<h2><strong>El relato medi\u00e1tico: c\u00f3mo se habla de la IA<\/strong><\/h2>\n<p><span style=\"font-weight: 400;\">El impacto en nuestra percepci\u00f3n de la tecnolog\u00eda \u201cinteligente\u201d est\u00e1 influido por c\u00f3mo recibimos la informaci\u00f3n al respecto. Y la forma en que se construye este relato informativo, no est\u00e1 exento de los intereses comerciales de las grandes empresas que producen y distribuyen esta tecnolog\u00eda.<\/span><\/p>\n<p><span style=\"font-weight: 400;\">En el estudio de Mediacat <\/span><a href=\"https:\/\/www.media.cat\/2023\/02\/16\/com-sinforma-sobre-intelligencia-artificial\/#conclusions\"><i><span style=\"font-weight: 400;\">\u00bfC\u00f3mo se informa sobre inteligencia artificial?<\/span><\/i><\/a><span style=\"font-weight: 400;\"> (de \u00e1mbito catal\u00e1n), <\/span><span style=\"font-weight: 400;\">Bru Aguil\u00f3 y Paul Zalduendo <\/span><span style=\"font-weight: 400;\">concluyen que en los medios se habla de \u00e9sta de forma transversal, y no s\u00f3lo en las secciones de tecnolog\u00eda. El informe se\u00f1ala que, sobre todo, se hacen noticias sobre la industria de la IA, y no con un enfoque de derechos humanos.<\/span><\/p>\n<p><span style=\"font-weight: 400;\">Adem\u00e1s, las fuentes de estas noticias son a menudo las propias empresas que la fabrican y comercializan, y rara vez se pone el foco en los riesgos o en la falta de regulaci\u00f3n, sino que se hace hincapi\u00e9 en sus beneficios.<\/span><\/p>\n<p><span style=\"font-weight: 400;\">Tengamos presente, pues, que<\/span><b> el impacto y el ruido medi\u00e1tico no se adecuan a la realidad<\/b><span style=\"font-weight: 400;\">.<\/span><\/p>\n<p><span style=\"font-weight: 400;\">Por un lado, porque no es algo tan nuevo: la inteligencia artificial ya estaba en nuestras vidas mucho antes de todo ese alboroto.<\/span><\/p>\n<p><span style=\"font-weight: 400;\">Y, por otro lado, si bien la inteligencia artificial mejora la eficiencia y la productividad en tareas complejas y repetitivas, o puede incluso mejorar la precisi\u00f3n y la celeridad de diagn\u00f3sticos m\u00e9dicos, tambi\u00e9n abre m\u00faltiples controversias y debates.<\/span><\/p>\n<p><span style=\"font-weight: 400;\">No hay que olvidar, adem\u00e1s, que <\/span><b>la IA no es neutral.<\/b><span style=\"font-weight: 400;\">\u00a0<\/span><\/p>\n<p><span style=\"font-weight: 400;\">Nos la venden como tal con el argumento de que aquello basado en la ciencia (n\u00fameros, f\u00f3rmulas, \u2026) es m\u00e1s objetivo y eficaz. Pero esto puede ser perverso:<\/span><b> en \u201cnombre\u201d de los n\u00fameros, pueden dejarse de lado criterios \u00e9ticos o de derechos fundamentales.<\/b><\/p>\n<p><span style=\"font-weight: 400;\">Al fin y al cabo, se\u00f1ala Vicent Costa, la financiaci\u00f3n de la investigaci\u00f3n en IA es privada, y las principales creadoras y comercializadoras son Microsoft (empresa de la que forma parte OpenAI, desarrolladora del ChatGTP entre otros), Google, Facebook y Amazon.<\/span><\/p>\n<p><span style=\"font-weight: 400;\">Estas empresas tambi\u00e9n nos hablan de la complejidad de estas herramientas. Utilizan terminolog\u00eda complicada, hablan de grandes vol\u00famenes de datos. Como si el conocimiento de la IA estuviera encerrado en \u201ccajas negras\u201d&#8230;<\/span><\/p>\n<p><span style=\"font-weight: 400;\">Y claro, lo que es muy complicado mejor dejarlo a los expertos. No vale la pena tratar de comprenderlo.<\/span><\/p>\n<p><span style=\"font-weight: 400;\">Pues, de nuevo, <\/span><b>resulta que no es tan dif\u00edcil de comprender, y que, entendiendo las bases de \u00e9sta tecnolog\u00eda podemos entender mucho mejor los riesgos y potencialidades. <\/b><span style=\"font-weight: 400;\">Vamos por partes.<\/span><\/p>\n<h2><strong>\u00bfQu\u00e9 es la IA?<\/strong><\/h2>\n<p><span style=\"font-weight: 400;\">En primer lugar, profundicemos un poco: \u00bfde qu\u00e9 hablamos cuando hablamos de Inteligencia Artificial?<\/span><\/p>\n<p><span style=\"font-weight: 400;\">En el informe <\/span><i><span style=\"font-weight: 400;\">\u00bfC\u00f3mo se informa sobre inteligencia artificial?,<\/span><\/i><span style=\"font-weight: 400;\"> se hace un breve repaso de su definici\u00f3n.<\/span><\/p>\n<p><span style=\"font-weight: 400;\">La definici\u00f3n actual (no libre de controversia, como veremos m\u00e1s adelante) \u201cse aplica a cualquier m\u00e1quina que<\/span><b> imita las funciones cognitivas, como percibir, razonar, aprender o resolver problemas\u201d.<\/b><\/p>\n<p><span style=\"font-weight: 400;\">Sin embargo, la palabra fue acu\u00f1ada en 1956 por John McCarthy, como \u201cla ciencia de hacer m\u00e1quinas inteligentes\u201d.<\/span><\/p>\n<p><span style=\"font-weight: 400;\">M\u00e1s tarde, en 2004, \u00e9l mismo hizo evolucionar la definici\u00f3n, a\u00f1adiendo que la IA \u00abest\u00e1 relacionada con la tarea de utilizar ordenadores para comprender la inteligencia humana\u00bb.<\/span><\/p>\n<p><span style=\"font-weight: 400;\">Es tecnolog\u00eda que funciona por<\/span><b> algoritmos<\/b><span style=\"font-weight: 400;\">, o lo que es lo mismo, conjuntos de operaciones e instrucciones, previamente definidas, destinadas a ejecutar tareas concretas: realizar c\u00e1lculos\u00a0 , resolver problemas o tomar decisiones.<\/span><\/p>\n<p><span style=\"font-weight: 400;\">Como una receta de cocina, el algoritmo es lo que le sirve a la IA para ejecutar las acciones. Pero as\u00ed como la receta no puede hacerse sola,<\/span><b> el algoritmo no es una acci\u00f3n sino el conjunto de pasos para llevarla a cabo.<\/b><span style=\"font-weight: 400;\"> As\u00ed, la IA <\/span><span style=\"font-weight: 400;\">es tecnolog\u00eda a la que se incorpora la receta (el algoritmo) para que la siga de forma autom\u00e1tica y repetida cada vez que introduzcamos unos \u201cingredientes\u201d.<\/span><\/p>\n<p><span style=\"font-weight: 400;\">A medida que ha ido avanzando la investigaci\u00f3n y pr\u00e1ctica en torno a la IA, se ha ido complejizando la combinaci\u00f3n y creaci\u00f3n de estos conjuntos algor\u00edtmicos. Llegando a la actualidad a lo que se llaman <\/span><b>\u00abredes neuronales profundas\u00bb, que imitan el funcionamiento de nuestro cerebro.<\/b><\/p>\n<p><span style=\"font-weight: 400;\">Estas redes artificiales funcionan de distintas formas. Las podemos clasificar por tipos:<\/span><\/p>\n<ul>\n<li style=\"font-weight: 400;\" aria-level=\"1\"><strong>La IA generativa:<\/strong> \u00abcrea\u00bb contenidos (im\u00e1genes, textos, \u2026) a partir de informaci\u00f3n que se le ha introducido previamente.<\/li>\n<li style=\"font-weight: 400;\" aria-level=\"1\"><strong>La IA predictiva:<\/strong> frente a un est\u00edmulo externo, esta tecnolog\u00eda puede producir una respuesta sin haber almacenado datos o experiencias previas. Un ejemplo ser\u00edan los asistentes de voz de Apple o Google Siri y Alexa.<\/li>\n<li style=\"font-weight: 400;\" aria-level=\"1\"><strong>La IA con teor\u00eda de la mente:<\/strong> a pesar de no tenerla, sabe c\u00f3mo funcionan las intenciones o deseos humanos, y podr\u00eda interactuar con ella. Por ejemplo, cambiar el comportamiento seg\u00fan las circunstancias que interpretar\u00eda en el interlocutor\/a.<\/li>\n<li style=\"font-weight: 400;\" aria-level=\"1\"><strong>La IA autorreflexiva:<\/strong> una inteligencia que realmente piense por s\u00ed misma es el tipo que de momento s\u00f3lo es una especulaci\u00f3n\u2026 y la que puede parecer m\u00e1s peligrosa.<\/li>\n<\/ul>\n<p><span style=\"font-weight: 400;\">Y para que sean capaces de todo esto, se entrenan: para hacerlas m\u00e1s precisas e \u201cinteligentes\u201d, <\/span><b>se las alimenta de grandes vol\u00famenes de datos<\/b><span style=\"font-weight: 400;\">, relacionando conceptos y definiciones, causa y efecto, etc.<\/span><\/p>\n<p><span style=\"font-weight: 400;\">A medida que tienen m\u00e1s y m\u00e1s informaci\u00f3n, que a priori (en el momento de introducci\u00f3n de datos) no est\u00e1 conectada entre s\u00ed, estas redes pueden llegar a extraer conclusiones y respuestas complejas.<\/span><\/p>\n<p><span style=\"font-weight: 400;\">La IA la encontramos en muchas de las aplicaciones tecnol\u00f3gicas que utilizamos todos los d\u00edas. En diagn\u00f3sticos e intervenciones m\u00e9dicas, en los cajeros autom\u00e1ticos, en los GPS, en las redes sociales, en la publicidad personalizada,\u2026 tambi\u00e9n a la hora de pedir un pr\u00e9stamo o una hipoteca a entidades bancarias, o en solicitudes de ayudas econ\u00f3micas, como becas o prestaciones sociales.<\/span><\/p>\n<h2><strong>\u00bfPero es inteligencia? \u00bfY es artificial?<\/strong><\/h2>\n<p><span style=\"font-weight: 400;\">\u201c<\/span><span style=\"font-weight: 400;\">En realidad, lo que hoy llamamos Inteligencia Artificial no es artificial ni inteligente\u201d. As\u00ed de tajante se muestra <\/span><a href=\"https:\/\/colectivodisonancia.net\/2023\/04\/el-problema-de-la-inteligencia-artificial-no-es-ni-artificial-ni-inteligente\/\"><span style=\"font-weight: 400;\">el autor de este art\u00edculo<\/span><\/a><span style=\"font-weight: 400;\">, publicado originalmente en The Guardian, el periodista, inform\u00e1tico y fil\u00f3sofo Evgeny Morozov. Argumenta que los primeros sistemas de IA estaban regidos por programas, y entonces estaba justificado, como m\u00ednimo, \u00abhablar de artificialidad\u00bb.<\/span><\/p>\n<p><span style=\"font-weight: 400;\">Pero que en la actualidad:<\/span><\/p>\n<ul>\n<li style=\"font-weight: 400;\" aria-level=\"1\"><b>No es artificial <\/b><span style=\"font-weight: 400;\">porque detr\u00e1s hay fuerza de trabajo humana: ya sea la de los <\/span><b>\u00abartistas, m\u00fasicos, programadores y escritores cuya obra es expropiada\u00bb<\/b><span style=\"font-weight: 400;\"> para <\/span><a href=\"https:\/\/www.newtral.es\/plagio-masivo-ia-generativas-copyright-entrenamiento\/20230509\/\"><span style=\"font-weight: 400;\">nutrir las bases de datos<\/span><\/a><span style=\"font-weight: 400;\"> de estas interfaces, como por todas aquellas trabajadoras que introducen datos. Trabajo, este \u00faltimo,<\/span><b>\u201cmuy precario, con una gran presencia de mujeres que entrenan estos algoritmos y moderan sus contenidos\u201d<\/b><span style=\"font-weight: 400;\">, <\/span><a href=\"https:\/\/www.uoc.edu\/portal\/ca\/news\/entrevistes\/2023\/016-alex-hache.html\"><span style=\"font-weight: 400;\">como <\/span><span style=\"font-weight: 400;\">afirma en esta interesante entrevista Alex Hach\u00e9<\/span><\/a><span style=\"font-weight: 400;\">, activista ciberfeminista integrante de Donestech.<\/span><\/li>\n<li style=\"font-weight: 400;\" aria-level=\"1\"><b>No es inteligencia<\/b><span style=\"font-weight: 400;\"> porque ser inteligente no es s\u00f3lo ser capaz de identificar o reproducir patrones que coinciden, sino otras muchas cosas que escapan a la racionalidad. Por ejemplo, generalizar (agrupar ideas, conceptos, objetos, recuerdos) a partir de las emociones.<\/span><b> Ninguna m\u00e1quina, dice Morozov, <\/b><b>tiene sentido (m\u00e1s all\u00e1 del hecho de conocerlo) \u201cdel pasado, del presente y del futuro, de la historia, de lo que duele, de la nostalgia\u201d.<\/b><span style=\"font-weight: 400;\"> Lugares de los que parten las emociones. Y si no hay emoci\u00f3n, no existe inteligencia: es simple l\u00f3gica formal.<\/span><\/li>\n<\/ul>\n<p><span style=\"font-weight: 400;\">Por eso hay quien prefiere llamarla <\/span><b>\u00absistemas de decisiones automatizadas\u00bb<\/b><span style=\"font-weight: 400;\">. Entre ellos, <\/span><span style=\"font-weight: 400;\">Evgeny Morozov, que explica que<\/span><span style=\"font-weight: 400;\"> si utilizamos el t\u00e9rmino \u00abinteligencia artificial\u00bb podemos llegar a creer que \u00abel mundo funciona bajo esta l\u00f3gica formal\u00bb, racional y fr\u00eda.<\/span><\/p>\n<p><span style=\"font-weight: 400;\">El fil\u00f3sofo Ariel Guersenzvaig, en la <\/span><a href=\"https:\/\/www.lafede.cat\/ca\/cap-a-un-periodisme-tecnologic-amb-visio-de-drets-humans\/\"><span style=\"font-weight: 400;\">charla de presentaci\u00f3n el informe<\/span><\/a><span style=\"font-weight: 400;\"> de Mediacat antes mencionado, dice que a menudo, bajo \u00e9sta <\/span><b>mirada deshumanitzadora<\/b><span style=\"font-weight: 400;\"> \u00abse olvidan las condiciones de los trabajadores detr\u00e1s de estos sistemas: programadores, quienes pican datos o quienes los mantienen\u00bb.<\/span><\/p>\n<p><span style=\"font-weight: 400;\">El tambi\u00e9n fil\u00f3sofo y matem\u00e1tico Vicent Costa (recomendamos leer la entrevista que Gemma Garcia le hace a la Directa n\u00famero 567), especifica que la IA \u201cpuede simular\u201d aspectos que consideramos humanos como la conciencia, la empat\u00eda, pero todo es aprendido, no o\u00eddo. \u201cNunca tendr\u00e1\u201d, capacidades genuinamente humanas.<\/span><\/p>\n<p><span style=\"font-weight: 400;\">Aunque los modelos de inteligencia artificial no siguen procesos cognitivos como los nuestros, muchas veces, les atribuimos estas capacidades. Seguramente, muy<\/span><b> influidas por la ciencia ficci\u00f3n<\/b><span style=\"font-weight: 400;\">, que nos lleva a mundos donde los robots tienen incluso alma y deseos profundos. Y esto<\/span><b> nos da miedo: \u00bfseremos sustituidas?<\/b> <b>O peor: \u00bfconquistadas y exterminadas?<\/b><span style=\"font-weight: 400;\"><br \/>\n<\/span><span style=\"font-weight: 400;\"><br \/>\n<\/span><span style=\"font-weight: 400;\">Por eso es importante la forma en que se habla de la IA: \u201c<\/span><b>se explica la IA como una caja negra en la que no sabemos qu\u00e9 pasa\u201d <\/b><span style=\"font-weight: 400;\">afirma Ariel Guersenzvaig, lo que da lugar a muchas interpretaciones de c\u00f3mo funciona y hasta d\u00f3nde puede llegar este tipo de tecnolog\u00eda, as\u00ed como puede \u201cdiluir las responsabilidades\u201d de los impactos que puede llegar a tener.<\/span><\/p>\n<h2><strong>Derechos y democracia: los riesgos de la IA<\/strong><\/h2>\n<p><span style=\"font-weight: 400;\">La IA puede utilizarse para manipular nuestras percepciones de la realidad, y modificar nuestras opiniones\u2026 Y esto puede ser fatal para la democracia.<\/span><\/p>\n<p><span style=\"font-weight: 400;\">Vamos a lo peor: un movimiento pol\u00edtico sin escr\u00fapulos podr\u00eda utilizar la IA, por un lado, para encontrar a las personas sensibles a cierto tipo de mensajes, y por el otro, generando <\/span><i><span style=\"font-weight: 400;\">deepfakes<\/span><\/i><span style=\"font-weight: 400;\">: im\u00e1genes y v\u00eddeos falsos que parecen reales, que dieran verosimilitud a estos mensajes.<\/span><\/p>\n<p><span style=\"font-weight: 400;\">Este tipo de riesgos son los que se explican en este <\/span><a href=\"https:\/\/www.youtube.com\/watch?v=cXghhnwSW6U&amp;feature=youtu.be\"><span style=\"font-weight: 400;\">interesante cortometraje documental<\/span><\/a><span style=\"font-weight: 400;\"> que imagina la evoluci\u00f3n de la IA y sus efectos en la sociedad en los pr\u00f3ximos 10 a\u00f1os.<\/span><\/p>\n<p><span style=\"font-weight: 400;\">Otros usos cuestionables de este tipo de tecnolog\u00eda son el militar y la vigilancia. Son ejemplos las armas que no necesitan humanos que las disparen, o el control en muchas ciudades mediante c\u00e1maras de reconocimiento facial.\u00a0<\/span><\/p>\n<p><img loading=\"lazy\" decoding=\"async\" class=\"aligncenter size-large wp-image-18636\" src=\"https:\/\/somconnexio.coop\/es\/wp-content\/uploads\/2023\/06\/sc-junio-2023-IA-blog-interior-3-1024x576.jpg\" alt=\"\" width=\"980\" height=\"551\" srcset=\"https:\/\/somconnexio.coop\/wp-content\/uploads\/2023\/06\/sc-junio-2023-IA-blog-interior-3-1024x576.jpg 1024w, https:\/\/somconnexio.coop\/wp-content\/uploads\/2023\/06\/sc-junio-2023-IA-blog-interior-3-300x169.jpg 300w, https:\/\/somconnexio.coop\/wp-content\/uploads\/2023\/06\/sc-junio-2023-IA-blog-interior-3-768x432.jpg 768w, https:\/\/somconnexio.coop\/wp-content\/uploads\/2023\/06\/sc-junio-2023-IA-blog-interior-3.jpg 1500w\" sizes=\"auto, (max-width: 980px) 100vw, 980px\" \/><\/p>\n<p><span style=\"font-weight: 400;\">Este \u00faltimo tema, aunque no seamos conscientes de ello, nos toca de cerca, porque las ciudades (en las calles, en las tiendas, \u2026) est\u00e1n cada vez m\u00e1s llenas de c\u00e1maras de vigilancia.<\/span><\/p>\n<p><span style=\"font-weight: 400;\">Realmente es muy f\u00e1cil obtener informaci\u00f3n sobre nosotros sin que hayamos dado permiso. <\/span><a href=\"https:\/\/canodrom.barcelona\/es\/noticies\/que-esta-passant-intelligencia-artificial-maria-vanrell-carlos-castillo\"><span style=\"font-weight: 400;\">Como Maria Vanrell menciona<\/span><\/a><span style=\"font-weight: 400;\">,<\/span><b>\u00abvamos regalando informaci\u00f3n por la calle\u00bb<\/b><span style=\"font-weight: 400;\">: las c\u00e1maras de vigilancia saben c\u00f3mo vestimos, por d\u00f3nde nos movemos, la forma y rasgos identificativos de nuestro cuerpo, con quien nos relacionamos.<\/span><\/p>\n<p><span style=\"font-weight: 400;\">Estos dispositivos pueden llegar a ser una<\/span><b> herramienta brutal de control social<\/b><span style=\"font-weight: 400;\">, porque pueden reconocer nuestros rasgos y atribuirlos a nuestra identidad.<\/span><\/p>\n<p><span style=\"font-weight: 400;\">En China, por ejemplo, han ideado un sistema de disciplinamiento en base a las conductas observables y adjudicables a cada ciudadano\/a a trav\u00e9s de las c\u00e1maras.<\/span><\/p>\n<p><span style=\"font-weight: 400;\">Pero aqu\u00ed no nos escapemos: con la excusa de la \u201cseguridad\u201d, tenemos cada vez m\u00e1s ojos puestos en nuestros movimientos, dispuestos a registrar cada paso, a hacernos sentir que nosotros o alguien cerca de nosotros puede cometer un acto de incivismo, o incluso un delito en cualquier momento.<\/span><\/p>\n<p><span style=\"font-weight: 400;\">\u00bfNo os parece una manera de meternos el miedo dentro? \u00bfDe hacernos sentir a\u00fan m\u00e1s inseguras? \u00bfNo os suena un poco a \u201cEl gran hermano\u201d del que hablaba Orwell en <\/span><i><span style=\"font-weight: 400;\">1984<\/span><\/i><span style=\"font-weight: 400;\">?<\/span><\/p>\n<p><span style=\"font-weight: 400;\">Pero no s\u00f3lo est\u00e1n las c\u00e1maras para controlarnos. Es que adem\u00e1s, los bancos saben qu\u00e9, d\u00f3nde y cu\u00e1ndo compramos, las <\/span><i><span style=\"font-weight: 400;\">apps<\/span><\/i><span style=\"font-weight: 400;\"> de geolocalizaci\u00f3n saben por d\u00f3nde nos movemos, las redes sociales se saben de memoria nuestros gustos y nuestra debilidades.<\/span><\/p>\n<h2><strong>Capitalismo de datos\u2026 o c\u00f3mo exprimirnos al m\u00e1ximo<\/strong><\/h2>\n<p><span style=\"font-weight: 400;\">Basta pensar en c\u00f3mo act\u00faan los algoritmos: de repente, en el <\/span><i><span style=\"font-weight: 400;\">feed <\/span><\/i><span style=\"font-weight: 400;\">de Instagram, o en los resultados de Google comienzan a aparecer anuncios de un mismo tipo de producto, o im\u00e1genes de gente haciendo actividades muy espec\u00edficas\u2026<\/span><\/p>\n<p><span style=\"font-weight: 400;\">Mensajes recurrentes que pueden llegar a hacernos creer que realmente tener arrugas es un problema y necesitamos esa crema, o que queremos realizar un taller de cer\u00e1mica car\u00edsimo.<\/span><\/p>\n<p><span style=\"font-weight: 400;\">Es decir, que <\/span><b>modifican nuestros intereses<\/b><span style=\"font-weight: 400;\">, o llegan a crearnos deseos que antes no ten\u00edamos.<\/span><\/p>\n<p><span style=\"font-weight: 400;\">Las solicitudes de hipotecas o ayudas sociales tambi\u00e9n est\u00e1n operadas por tecnolog\u00eda basada en inteligencia artificial, con todas las implicaciones en cuanto a derechos que puede tener que este tipo de <\/span><b>decisiones sean automatizadas y no respondan a criterios \u00e9ticos.<\/b><\/p>\n<p><span style=\"font-weight: 400;\">Tambi\u00e9n se est\u00e1 aplicando la IA en sectores como los recursos humanos, y est\u00e1 <\/span><b>determinando las condiciones laborales de muchas trabajadoras <\/b><span style=\"font-weight: 400;\">(por ejemplo utilizan IA en plataformas de reparto de comida a domicilio), a la vez que crea nuevos puestos de trabajo precarios enfocados a entrenar y alimentar a los algoritmos.<\/span><\/p>\n<p><span style=\"font-weight: 400;\">Otro riesgo es la utilizaci\u00f3n de IA en los procesos de contrataci\u00f3n, <\/span><b>lo que puede desembocar en la selecci\u00f3n de aquellos perfiles \u00abmenos molestos\u00bb o que no generen p\u00e9rdidas para el empresario.<\/b><\/p>\n<p><span style=\"font-weight: 400;\">\u00bfOs imagin\u00e1is una IA que, cruzando ciertos par\u00e1metros (actividad en redes, lenguaje no verbal\u2026), pueda detectar que una persona quiere sindicarse o que tiene muchas probabilidades de tener hijos dentro de poco y descartarla por estos motivos?<\/span><\/p>\n<p><span style=\"font-weight: 400;\">Otro riesgo a\u00f1adido es <\/span><b>c\u00f3mo la IA entra en el \u00e1mbito educativo. <\/b><span style=\"font-weight: 400;\">Nos reservamos este tema para explic\u00e1roslo m\u00e1s adelante\u2026 \u00a1porque merece un art\u00edculo entero!<\/span><\/p>\n<h2><strong>Algoritmos que reproducen sesgos racistas, machistas y clasistas<\/strong><\/h2>\n<p><span style=\"font-weight: 400;\">Los sesgos son comportamientos o pr\u00e1cticas discriminatorios que tenemos integrados \u201cpor defecto\u201d, y que manifestamos cotidianamente a la hora de relacionarnos: con chistes, bromas, lugares a los que vamos y lugares por donde no queremos pasar, prejuicios, \u2026<\/span><\/p>\n<p><span style=\"font-weight: 400;\">Y es que en las sociedades occidentales quiz\u00e1s nos creemos muy \u00abprogres\u00bb, pero todav\u00eda estamos llenas de sesgos, fruto de los aprendizajes adquiridos a lo largo de nuestra vida. \u00c9stos son muy dif\u00edciles de identificar, de saber de d\u00f3nde lo hemos aprendido exactamente, e incluso de erradicar, por mucho que nos esforcemos.<\/span><\/p>\n<p><span style=\"font-weight: 400;\">Por analog\u00eda, cuando hablamos de sesgos en la IA, nos referimos a <\/span><b>discriminaciones que est\u00e1n integradas en los mismos sistemas<\/b><span style=\"font-weight: 400;\">, porque los han aprendido, fruto del entrenamiento que han recibido.<\/span><\/p>\n<p><span style=\"font-weight: 400;\">Como mencion\u00e1bamos antes, los algoritmos han cambiado: ya no funcionan como antes, cuando los sesgos eran identificables porque se introduc\u00edan a la hora de crearlos o mejorarlos. Ahora se utilizan las redes neuronales profundas (<\/span><i><span style=\"font-weight: 400;\">deep learning<\/span><\/i><span style=\"font-weight: 400;\">): herramientas que se entrenan a base de m\u00faltiples bases de datos, y <\/span><b>es muy dif\u00edcil identificar los sesgos en ellas\u2026<\/b><\/p>\n<p><span style=\"font-weight: 400;\">\u00bfPor qu\u00e9? Porque funcionan como el cerebro, de hecho est\u00e1n basadas en su funcionamiento. Tienen capacidad de aprender si las entrenamos. Y aprenden de la informaci\u00f3n que introducimos, y por tanto aprenden de datos (y personas) que s\u00ed tienen sesgo. Como nosotros, vaya.<\/span><\/p>\n<p><span style=\"font-weight: 400;\">Recomendamos leer <\/span><a href=\"https:\/\/www.media.cat\/2021\/11\/18\/la-gent-nomes-te-acces-a-un-determinat-tipus-dhistories-sobre-la-pobresa\/\"><span style=\"font-weight: 400;\">esta entrevista en la polit\u00f3loga Virginia Eubanks<\/span><\/a><span style=\"font-weight: 400;\">, que ha investigado c\u00f3mo la IA, sumada a todos los mecanismos burocr\u00e1ticos de los servicios sociales o sanitarios puede perpetuar la pobreza, y de hecho, en EE.UU. es utilizada para controlar a las personas en situaciones de vulnerabilidad.<\/span><\/p>\n<p><span style=\"font-weight: 400;\">La organizaci\u00f3n Algorace, un colectivo multidisciplinar que trabaja para contribuir a enriquecer \u00abel debate sobre el impacto del uso de la IA en las poblaciones racializadas\u00bb<\/span><span style=\"font-weight: 400;\">, <\/span><a href=\"https:\/\/algorace.org\/2022\/11\/26\/una-introduccion-a-la-ia-y-la-discriminacion-algoritmica-para-movimientos-sociales\/\"><span style=\"font-weight: 400;\">profundiza, en este informe, en el sesgo racista de los algoritmos<\/span><\/a><span style=\"font-weight: 400;\">, poniendo ejemplos de discriminaciones, y proponiendo estrategias para hacerles frente.<\/span><\/p>\n<p><span style=\"font-weight: 400;\">Y en la misma l\u00ednea de estudiar los sesgos, en este caso, de g\u00e9nero, la colectiva Donestech ha compartido <\/span><a href=\"https:\/\/www.donestech.net\/noticia\/informe-preliminar-con-perspectiva-interseccional-sobre-sesgos-de-genero-en-la-inteligencia\"><span style=\"font-weight: 400;\">algunos art\u00edculos<\/span><\/a><span style=\"font-weight: 400;\"> que nos muestran c\u00f3mo ni los avances m\u00e1s contempor\u00e1neos, como lo es la IA, escapan a la discriminaci\u00f3n con motivo de g\u00e9nero.<\/span><\/p>\n<h2><strong>\u00bfLa IA, contamina?<\/strong><\/h2>\n<p><span style=\"font-weight: 400;\">Una de las consecuencias de la IA que puede pasar m\u00e1s desapercibida para el usuario final, es su elevado coste medioambiental. <\/span><a href=\"https:\/\/arxiv.org\/abs\/1906.02243\"><span style=\"font-weight: 400;\">\u00abEntrenar\u00bb un ordenador puede llegar a emitir<\/span><\/a> <b>284 toneladas de di\u00f3xido de carbono equivalente<\/b><span style=\"font-weight: 400;\">(CO2e), que es lo que contaminan 47 personas <\/span><a href=\"https:\/\/datosmacro.expansion.com\/energia-y-medio-ambiente\/emisiones-co2\"><span style=\"font-weight: 400;\">en un a\u00f1o<\/span><\/a><span style=\"font-weight: 400;\">, o 5 veh\u00edculos a lo largo de toda su vida \u00fatil (incluida su fabricaci\u00f3n).<\/span><\/p>\n<p><span style=\"font-weight: 400;\">Adem\u00e1s, los centros de datos de donde proviene toda la informaci\u00f3n, lo que conocemos como \u00abla nube\u00bb, consumen alrededor del 2% de la energ\u00eda global.<\/span><\/p>\n<p><span style=\"font-weight: 400;\">Pero el impacto comienza mucho antes. La extracci\u00f3n de materiales para fabricar estos sistemas, como el litio o el colt\u00e1n, degrada el suelo, consume y contamina much\u00edsima agua, contribuye al cambio clim\u00e1tico\u2026 y todo eso a expensas de la explotaci\u00f3n laboral de quien trabaja en la mina, muy a menudo, ni\u00f1os. Lo explic\u00e1bamos en <\/span><a href=\"\/?p=17679\"><span style=\"font-weight: 400;\">este art\u00edculo de nuestro blog<\/span><\/a><span style=\"font-weight: 400;\">.<\/span><\/p>\n<h2><strong>Resumen: la IA, una tecnolog\u00eda peligrosamente \u00fatil<\/strong><\/h2>\n<p><span style=\"font-weight: 400;\">Volviendo a lo que coment\u00e1bamos al principio: S\u00cd, la IA puede ser muy \u00fatil, y NO, no es una tecnolog\u00eda inocua.<\/span><\/p>\n<p><span style=\"font-weight: 400;\">Adem\u00e1s, la Inteligencia Artificial (como otros muchos \u00e1mbitos de desarrollo tecnol\u00f3gico) avanza m\u00e1s r\u00e1pido del tiempo que se necesita para medir sus consecuencias. Porque estas consecuencias se manifiestan en el \u00e1mbito social, escapando a toda previsi\u00f3n \u201ctecnopositivista\u201d (la mirada que se enfoca en lo positivo de los avances tecnol\u00f3gicos, en las soluciones que nos aporta a nivel productivo o econ\u00f3mico).<\/span><\/p>\n<p><span style=\"font-weight: 400;\">\u00bfC\u00f3mo podemos detectar los riesgos? \u00bfY qu\u00e9 podemos hacer para evitarlos? Lo cierto es que a nivel individual podemos hacer poco, m\u00e1s all\u00e1 de utilizar estas herramientas con conciencia.<\/span><\/p>\n<p><span style=\"font-weight: 400;\">Donde es necesario actuar es en el \u00e1mbito comunitario e institucional.<\/span><\/p>\n<p><span style=\"font-weight: 400;\">Por eso, surgen diversas instituciones p\u00fablicas y privadas, u organizaciones que <\/span><a href=\"https:\/\/www.lafede.cat\/ca\/organitzacions-de-la-societat-civil-demanen-al-govern-espanyol-la-participacio-en-les-politiques-de-governanca-algoritmica\/\"><span style=\"font-weight: 400;\">exigen regulaciones que garanticen que la investigaci\u00f3n y el uso de las aplicaciones con IA no ponga en riesgo los derechos fundamentales<\/span><\/a><span style=\"font-weight: 400;\">, no fomente las desigualdades, o no genere impactos negativos en las vidas humanas y no humanas (ya sea en lo material como en lo inmaterial: de socializaci\u00f3n, psicol\u00f3gico o emocional).<\/span><\/p>\n<p><span style=\"font-weight: 400;\">En 2021 se aprobaba la <\/span><a href=\"https:\/\/ec.europa.eu\/commission\/presscorner\/detail\/en\/QANDA_21_1683#1\"><span style=\"font-weight: 400;\">normativa de la Uni\u00f3n Europea.<\/span><\/a><span style=\"font-weight: 400;\"> Y no es la \u00fanica. En todo el mundo se han establecido marcos reguladores para prevenir los riesgos y actuar sobre este fen\u00f3meno que es la IA. El objetivo de esta ley es, seg\u00fan el mismo texto, garantizar \u00abla seguridad de los usuarios\u00bb aunque esto vaya en detrimento de las empresas que parecen tener prisa por aplicarla.<\/span><\/p>\n<p><img loading=\"lazy\" decoding=\"async\" class=\"aligncenter size-large wp-image-18640\" src=\"https:\/\/somconnexio.coop\/es\/wp-content\/uploads\/2023\/06\/sc-junio-2023-IA-blog-interior-cast-1024x743.jpg\" alt=\"Gr\u00e1fico d\u00f3nde se ven en una pir\u00e1mide los riesgos que la regulaci\u00f3n europea considera alrededor de la IA. Tipo de aplicaci\u00f3n, rango del riesgo y medidas normativas aplicadas.\" width=\"980\" height=\"711\" srcset=\"https:\/\/somconnexio.coop\/wp-content\/uploads\/2023\/06\/sc-junio-2023-IA-blog-interior-cast-1024x743.jpg 1024w, https:\/\/somconnexio.coop\/wp-content\/uploads\/2023\/06\/sc-junio-2023-IA-blog-interior-cast-300x218.jpg 300w, https:\/\/somconnexio.coop\/wp-content\/uploads\/2023\/06\/sc-junio-2023-IA-blog-interior-cast-768x557.jpg 768w, https:\/\/somconnexio.coop\/wp-content\/uploads\/2023\/06\/sc-junio-2023-IA-blog-interior-cast.jpg 1500w\" sizes=\"auto, (max-width: 980px) 100vw, 980px\" \/><\/p>\n<p><span style=\"font-weight: 400;\">Si os interesa, <\/span><a href=\"https:\/\/www.donestech.net\/files\/286_marta_galceran-vercher_cast.pdf\"><span style=\"font-weight: 400;\">en este enlace<\/span><\/a><span style=\"font-weight: 400;\"> encontrar\u00e9is el an\u00e1lisis que hace Marta Galceran, <\/span><span style=\"font-weight: 400;\">investigadora del CIDOB<\/span><span style=\"font-weight: 400;\"> (<\/span><span style=\"font-weight: 400;\">Centro de Informaci\u00f3n y Documentaci\u00f3n Internacional en Barcelona), y c\u00f3mo la compara con <\/span><span style=\"font-weight: 400;\">diferentes regulaciones de la IA, que se han ido constituyendo desde 2016 en diversos contextos territoriales.<\/span><\/p>\n<p><span style=\"font-weight: 400;\">Vicent Costa opina que es necesaria una moratoria para la aplicaci\u00f3n de ciertas tecnolog\u00edas, y que por ejemplo, antes de la salida al mercado de ciertos productos basados \u200b\u200ben la IA, deber\u00edan probarse y medir su posible impacto. Como un medicamento, o una nueva vacuna\u2026<\/span><\/p>\n<p><span style=\"font-weight: 400;\">Y es que la IA puede tener soluciones para algunos aspectos de nuestras vidas, pero quiz\u00e1s es necesario revisar que realmente nos es \u00fatil introducirla indiscriminadamente en todo lo que hacemos.<\/span><\/p>\n<p><span style=\"font-weight: 400;\">Como siempre, en Som Connexi\u00f3 hemos propuesto una mirada cr\u00edtica.<\/span><\/p>\n<h3 class=\"crp-list-title\">Ahora te recomendamos<\/h3><p>None found<\/p>\n","protected":false},"excerpt":{"rendered":"<p>Ya casi todo el mundo hemos o\u00eddo hablar del chatbot ChatGPT (e incluso hemos \u201cconversado\u201d con \u201c\u00e9l\u201d), una herramienta que responde a todo lo que le pedimos por escrito: redacta cualquier tipo de texto, resume o desarrolla cualquier idea o argumento, incluso es capaz de programar. Y todo ello lo hace de forma casi indistinguible [&hellip;]<\/p>\n","protected":false},"author":1,"featured_media":18638,"comment_status":"closed","ping_status":"closed","sticky":false,"template":"","format":"standard","meta":{"footnotes":""},"categories":[291],"tags":[304],"class_list":["post-18609","post","type-post","status-publish","format-standard","has-post-thumbnail","hentry","category-uso-responsable-de-internet","tag-destacado-es"],"yoast_head":"<!-- This site is optimized with the Yoast SEO plugin v25.1 - https:\/\/yoast.com\/wordpress\/plugins\/seo\/ -->\n<title>Desciframos paso a paso la Inteligencia Artificial - Somos Conexi\u00f3n<\/title>\n<meta name=\"description\" content=\"La Inteligencia Artificial puede solucionarnos la vida, pero \u00bfes \u00fatil introducirla en todo lo que hacemos? En Somos Conexi\u00f3n proponemos una mirada cr\u00edtica.\" \/>\n<meta name=\"robots\" content=\"index, follow, max-snippet:-1, max-image-preview:large, max-video-preview:-1\" \/>\n<link rel=\"canonical\" href=\"https:\/\/somconnexio.coop\/es\/uso-responsable-de-internet\/inteligencia-artificial-que-gran-idea\/\" \/>\n<meta property=\"og:locale\" content=\"es_ES\" \/>\n<meta property=\"og:type\" content=\"article\" \/>\n<meta property=\"og:title\" content=\"Desciframos paso a paso la Inteligencia Artificial - Somos Conexi\u00f3n\" \/>\n<meta property=\"og:description\" content=\"La Inteligencia Artificial puede solucionarnos la vida, pero \u00bfes \u00fatil introducirla en todo lo que hacemos? En Somos Conexi\u00f3n proponemos una mirada cr\u00edtica.\" \/>\n<meta property=\"og:url\" content=\"https:\/\/somconnexio.coop\/es\/uso-responsable-de-internet\/inteligencia-artificial-que-gran-idea\/\" \/>\n<meta property=\"og:site_name\" content=\"Somos Conexi\u00f3n\" \/>\n<meta property=\"article:published_time\" content=\"2023-06-12T08:54:06+00:00\" \/>\n<meta property=\"article:modified_time\" content=\"2025-02-12T22:15:23+00:00\" \/>\n<meta property=\"og:image\" content=\"https:\/\/somconnexio.coop\/wp-content\/uploads\/2023\/06\/sc-junio-2023-IA-blog-portada-cast.jpg\" \/>\n\t<meta property=\"og:image:width\" content=\"1500\" \/>\n\t<meta property=\"og:image:height\" content=\"786\" \/>\n\t<meta property=\"og:image:type\" content=\"image\/jpeg\" \/>\n<meta name=\"author\" content=\"Som Connexi\u00f3\" \/>\n<meta name=\"twitter:card\" content=\"summary_large_image\" \/>\n<meta name=\"twitter:label1\" content=\"Escrito por\" \/>\n\t<meta name=\"twitter:data1\" content=\"Som Connexi\u00f3\" \/>\n\t<meta name=\"twitter:label2\" content=\"Tiempo de lectura\" \/>\n\t<meta name=\"twitter:data2\" content=\"16 minutos\" \/>\n<script type=\"application\/ld+json\" class=\"yoast-schema-graph\">{\"@context\":\"https:\/\/schema.org\",\"@graph\":[{\"@type\":\"WebPage\",\"@id\":\"https:\/\/somconnexio.coop\/es\/uso-responsable-de-internet\/inteligencia-artificial-que-gran-idea\/\",\"url\":\"https:\/\/somconnexio.coop\/es\/uso-responsable-de-internet\/inteligencia-artificial-que-gran-idea\/\",\"name\":\"Desciframos paso a paso la Inteligencia Artificial - Somos Conexi\u00f3n\",\"isPartOf\":{\"@id\":\"https:\/\/somconnexio.coop\/#website\"},\"primaryImageOfPage\":{\"@id\":\"https:\/\/somconnexio.coop\/es\/uso-responsable-de-internet\/inteligencia-artificial-que-gran-idea\/#primaryimage\"},\"image\":{\"@id\":\"https:\/\/somconnexio.coop\/es\/uso-responsable-de-internet\/inteligencia-artificial-que-gran-idea\/#primaryimage\"},\"thumbnailUrl\":\"https:\/\/somconnexio.coop\/wp-content\/uploads\/2023\/06\/sc-junio-2023-IA-blog-portada-cast.jpg\",\"datePublished\":\"2023-06-12T08:54:06+00:00\",\"dateModified\":\"2025-02-12T22:15:23+00:00\",\"author\":{\"@id\":\"https:\/\/somconnexio.coop\/#\/schema\/person\/630d418ae875e664d5aff0d4c2917af7\"},\"description\":\"La Inteligencia Artificial puede solucionarnos la vida, pero \u00bfes \u00fatil introducirla en todo lo que hacemos? En Somos Conexi\u00f3n proponemos una mirada cr\u00edtica.\",\"breadcrumb\":{\"@id\":\"https:\/\/somconnexio.coop\/es\/uso-responsable-de-internet\/inteligencia-artificial-que-gran-idea\/#breadcrumb\"},\"inLanguage\":\"es\",\"potentialAction\":[{\"@type\":\"ReadAction\",\"target\":[\"https:\/\/somconnexio.coop\/es\/uso-responsable-de-internet\/inteligencia-artificial-que-gran-idea\/\"]}]},{\"@type\":\"ImageObject\",\"inLanguage\":\"es\",\"@id\":\"https:\/\/somconnexio.coop\/es\/uso-responsable-de-internet\/inteligencia-artificial-que-gran-idea\/#primaryimage\",\"url\":\"https:\/\/somconnexio.coop\/wp-content\/uploads\/2023\/06\/sc-junio-2023-IA-blog-portada-cast.jpg\",\"contentUrl\":\"https:\/\/somconnexio.coop\/wp-content\/uploads\/2023\/06\/sc-junio-2023-IA-blog-portada-cast.jpg\",\"width\":1500,\"height\":786,\"caption\":\"La IA, qu\u00e9 gran idea. Un robot con aparencia humana... \u00bfpero realmente nos puede substituir la tecnolog\u00eda en aquello emocional, afectivo, intuitivo?\"},{\"@type\":\"BreadcrumbList\",\"@id\":\"https:\/\/somconnexio.coop\/es\/uso-responsable-de-internet\/inteligencia-artificial-que-gran-idea\/#breadcrumb\",\"itemListElement\":[{\"@type\":\"ListItem\",\"position\":1,\"name\":\"Portada\",\"item\":\"https:\/\/somconnexio.coop\/es\/\"},{\"@type\":\"ListItem\",\"position\":2,\"name\":\"Desciframos paso a paso la Inteligencia Artificial\"}]},{\"@type\":\"WebSite\",\"@id\":\"https:\/\/somconnexio.coop\/#website\",\"url\":\"https:\/\/somconnexio.coop\/\",\"name\":\"Somos Conexi\u00f3n\",\"description\":\"la 1a cooperativa de telefon\u00eda e internet\",\"potentialAction\":[{\"@type\":\"SearchAction\",\"target\":{\"@type\":\"EntryPoint\",\"urlTemplate\":\"https:\/\/somconnexio.coop\/?s={search_term_string}\"},\"query-input\":{\"@type\":\"PropertyValueSpecification\",\"valueRequired\":true,\"valueName\":\"search_term_string\"}}],\"inLanguage\":\"es\"},{\"@type\":\"Person\",\"@id\":\"https:\/\/somconnexio.coop\/#\/schema\/person\/630d418ae875e664d5aff0d4c2917af7\",\"name\":\"Som Connexi\u00f3\",\"url\":\"https:\/\/somconnexio.coop\/es\/author\/somconnexio\/\"}]}<\/script>\n<!-- \/ Yoast SEO plugin. -->","yoast_head_json":{"title":"Desciframos paso a paso la Inteligencia Artificial - Somos Conexi\u00f3n","description":"La Inteligencia Artificial puede solucionarnos la vida, pero \u00bfes \u00fatil introducirla en todo lo que hacemos? En Somos Conexi\u00f3n proponemos una mirada cr\u00edtica.","robots":{"index":"index","follow":"follow","max-snippet":"max-snippet:-1","max-image-preview":"max-image-preview:large","max-video-preview":"max-video-preview:-1"},"canonical":"https:\/\/somconnexio.coop\/es\/uso-responsable-de-internet\/inteligencia-artificial-que-gran-idea\/","og_locale":"es_ES","og_type":"article","og_title":"Desciframos paso a paso la Inteligencia Artificial - Somos Conexi\u00f3n","og_description":"La Inteligencia Artificial puede solucionarnos la vida, pero \u00bfes \u00fatil introducirla en todo lo que hacemos? En Somos Conexi\u00f3n proponemos una mirada cr\u00edtica.","og_url":"https:\/\/somconnexio.coop\/es\/uso-responsable-de-internet\/inteligencia-artificial-que-gran-idea\/","og_site_name":"Somos Conexi\u00f3n","article_published_time":"2023-06-12T08:54:06+00:00","article_modified_time":"2025-02-12T22:15:23+00:00","og_image":[{"width":1500,"height":786,"url":"https:\/\/somconnexio.coop\/wp-content\/uploads\/2023\/06\/sc-junio-2023-IA-blog-portada-cast.jpg","type":"image\/jpeg"}],"author":"Som Connexi\u00f3","twitter_card":"summary_large_image","twitter_misc":{"Escrito por":"Som Connexi\u00f3","Tiempo de lectura":"16 minutos"},"schema":{"@context":"https:\/\/schema.org","@graph":[{"@type":"WebPage","@id":"https:\/\/somconnexio.coop\/es\/uso-responsable-de-internet\/inteligencia-artificial-que-gran-idea\/","url":"https:\/\/somconnexio.coop\/es\/uso-responsable-de-internet\/inteligencia-artificial-que-gran-idea\/","name":"Desciframos paso a paso la Inteligencia Artificial - Somos Conexi\u00f3n","isPartOf":{"@id":"https:\/\/somconnexio.coop\/#website"},"primaryImageOfPage":{"@id":"https:\/\/somconnexio.coop\/es\/uso-responsable-de-internet\/inteligencia-artificial-que-gran-idea\/#primaryimage"},"image":{"@id":"https:\/\/somconnexio.coop\/es\/uso-responsable-de-internet\/inteligencia-artificial-que-gran-idea\/#primaryimage"},"thumbnailUrl":"https:\/\/somconnexio.coop\/wp-content\/uploads\/2023\/06\/sc-junio-2023-IA-blog-portada-cast.jpg","datePublished":"2023-06-12T08:54:06+00:00","dateModified":"2025-02-12T22:15:23+00:00","author":{"@id":"https:\/\/somconnexio.coop\/#\/schema\/person\/630d418ae875e664d5aff0d4c2917af7"},"description":"La Inteligencia Artificial puede solucionarnos la vida, pero \u00bfes \u00fatil introducirla en todo lo que hacemos? En Somos Conexi\u00f3n proponemos una mirada cr\u00edtica.","breadcrumb":{"@id":"https:\/\/somconnexio.coop\/es\/uso-responsable-de-internet\/inteligencia-artificial-que-gran-idea\/#breadcrumb"},"inLanguage":"es","potentialAction":[{"@type":"ReadAction","target":["https:\/\/somconnexio.coop\/es\/uso-responsable-de-internet\/inteligencia-artificial-que-gran-idea\/"]}]},{"@type":"ImageObject","inLanguage":"es","@id":"https:\/\/somconnexio.coop\/es\/uso-responsable-de-internet\/inteligencia-artificial-que-gran-idea\/#primaryimage","url":"https:\/\/somconnexio.coop\/wp-content\/uploads\/2023\/06\/sc-junio-2023-IA-blog-portada-cast.jpg","contentUrl":"https:\/\/somconnexio.coop\/wp-content\/uploads\/2023\/06\/sc-junio-2023-IA-blog-portada-cast.jpg","width":1500,"height":786,"caption":"La IA, qu\u00e9 gran idea. Un robot con aparencia humana... \u00bfpero realmente nos puede substituir la tecnolog\u00eda en aquello emocional, afectivo, intuitivo?"},{"@type":"BreadcrumbList","@id":"https:\/\/somconnexio.coop\/es\/uso-responsable-de-internet\/inteligencia-artificial-que-gran-idea\/#breadcrumb","itemListElement":[{"@type":"ListItem","position":1,"name":"Portada","item":"https:\/\/somconnexio.coop\/es\/"},{"@type":"ListItem","position":2,"name":"Desciframos paso a paso la Inteligencia Artificial"}]},{"@type":"WebSite","@id":"https:\/\/somconnexio.coop\/#website","url":"https:\/\/somconnexio.coop\/","name":"Somos Conexi\u00f3n","description":"la 1a cooperativa de telefon\u00eda e internet","potentialAction":[{"@type":"SearchAction","target":{"@type":"EntryPoint","urlTemplate":"https:\/\/somconnexio.coop\/?s={search_term_string}"},"query-input":{"@type":"PropertyValueSpecification","valueRequired":true,"valueName":"search_term_string"}}],"inLanguage":"es"},{"@type":"Person","@id":"https:\/\/somconnexio.coop\/#\/schema\/person\/630d418ae875e664d5aff0d4c2917af7","name":"Som Connexi\u00f3","url":"https:\/\/somconnexio.coop\/es\/author\/somconnexio\/"}]}},"_links":{"self":[{"href":"https:\/\/somconnexio.coop\/es\/wp-json\/wp\/v2\/posts\/18609","targetHints":{"allow":["GET"]}}],"collection":[{"href":"https:\/\/somconnexio.coop\/es\/wp-json\/wp\/v2\/posts"}],"about":[{"href":"https:\/\/somconnexio.coop\/es\/wp-json\/wp\/v2\/types\/post"}],"author":[{"embeddable":true,"href":"https:\/\/somconnexio.coop\/es\/wp-json\/wp\/v2\/users\/1"}],"replies":[{"embeddable":true,"href":"https:\/\/somconnexio.coop\/es\/wp-json\/wp\/v2\/comments?post=18609"}],"version-history":[{"count":11,"href":"https:\/\/somconnexio.coop\/es\/wp-json\/wp\/v2\/posts\/18609\/revisions"}],"predecessor-version":[{"id":23595,"href":"https:\/\/somconnexio.coop\/es\/wp-json\/wp\/v2\/posts\/18609\/revisions\/23595"}],"wp:featuredmedia":[{"embeddable":true,"href":"https:\/\/somconnexio.coop\/es\/wp-json\/wp\/v2\/media\/18638"}],"wp:attachment":[{"href":"https:\/\/somconnexio.coop\/es\/wp-json\/wp\/v2\/media?parent=18609"}],"wp:term":[{"taxonomy":"category","embeddable":true,"href":"https:\/\/somconnexio.coop\/es\/wp-json\/wp\/v2\/categories?post=18609"},{"taxonomy":"post_tag","embeddable":true,"href":"https:\/\/somconnexio.coop\/es\/wp-json\/wp\/v2\/tags?post=18609"}],"curies":[{"name":"wp","href":"https:\/\/api.w.org\/{rel}","templated":true}]}}