  {"id":23695,"date":"2024-12-28T08:26:38","date_gmt":"2024-12-28T07:26:38","guid":{"rendered":"https:\/\/somconnexio.coop\/?p=22346"},"modified":"2025-02-27T13:36:46","modified_gmt":"2025-02-27T12:36:46","slug":"presidente-eeuu-cooperativizar-telecomunicaciones","status":"publish","type":"post","link":"https:\/\/somconnexio.coop\/es\/noticias\/presidente-eeuu-cooperativizar-telecomunicaciones\/","title":{"rendered":"El presidente de EEUU quiere cooperativizar las telecomunicaciones"},"content":{"rendered":"<p><span style=\"font-weight: 400;\">Esta \u00faltima semana, en Somos\u00a0 Conexi\u00f3n hemos estado muy ajetreadas. En este art\u00edculo le explicamos el porqu\u00e9: hemos recibido un encargo de los gordos.<\/span><\/p>\n<p><span style=\"font-weight: 400;\">Empecemos por el principio: un d\u00eda cualquiera de la semana pasada, todav\u00eda en medio del cierre de presupuestos, de las presentaciones de planes estrat\u00e9gicos anuales, del env\u00edo de las<\/span><a href=\"https:\/\/www.instagram.com\/p\/DDy3BpaOnjN\/?utm_source=ig_web_copy_link&amp;igsh=MzRlODBiNWFlZA==\"><span style=\"font-weight: 400;\"> postales que hemos hecho con la Flavita Banana para cerrar la celebraci\u00f3n de los 10 a\u00f1os<\/span><\/a><span style=\"font-weight: 400;\"> de la coope y los preparativos de las celebraciones de fiestas, recibimos una llamada a la <\/span><a href=\"https:\/\/somconnexio.coop\/es\/preguntas\/la-centralita-emergencias\/\"><span style=\"font-weight: 400;\">centralita de emergencias<\/span><\/a><span style=\"font-weight: 400;\">.\u00a0<\/span><\/p>\n<p><span style=\"font-weight: 400;\">Era nada menos que uno de los asesores del flamante presidente de EEUU Donald Trump, que est\u00e1 plante\u00e1ndose hacer un cambio radical en su apuesta de pol\u00edtica econ\u00f3mica.<\/span><\/p>\n<p><span style=\"font-weight: 400;\">Conocedor del entramado empresarial, de los grandes monopolios, y hasta ahora gran promotor del capitalismo salvaje, parece que una vez en el poder, Trump se ha dado cuenta de que es necesaria una revisi\u00f3n profunda del funcionamiento de las empresas. Y ha decidido empezar por las telecomunicaciones, uno de los sectores econ\u00f3micos y geopol\u00edticos clave a escala mundial.<\/span><\/p>\n<p><span style=\"font-weight: 400;\">\u201cQuiere cooperativizar las telecomunicaciones de todo el pa\u00eds\u201d, nos explic\u00f3 el asesor (que ha preferido quedar en el anonimato), y quiere \u201ccontar con Somos Conexi\u00f3n\u201d, prosigui\u00f3, \u201cpara que forme parte de la comisi\u00f3n de gobierno que proyecte esta reconversi\u00f3n profunda\u201d.\u00a0<\/span><\/p>\n<p><span style=\"font-weight: 400;\">No os lo negaremos: la propuesta nos ha cogido un poco desprevenidas, pero estamos valorando seriamente la oferta, ya que nos parece un reto ambicioso. Ahora bien, deberemos esquivar la oposici\u00f3n de una de sus manos derechas: Elon Musk. Seg\u00fan el asesor que nos ha contactado, el magnate de las telecomunicaciones no lo ve del todo claro porque \u00abel modelo cooperativo es arriesgado\u00bb. Pero sobre todo, a\u00f1adi\u00f3, no quiere contar con nosotros porque \u201crecientemente, <\/span><a href=\"https:\/\/somconnexio.coop\/es\/somos-conexion-dejamos-de-publicar-en-x\/\"><span style=\"font-weight: 400;\">Somos Conexi\u00f3n ha abandonado X<\/span><\/a><span style=\"font-weight: 400;\">\u201d.<\/span><span style=\"font-weight: 400;\"><br \/>\n<\/span><span style=\"font-weight: 400;\"><br \/>\n<\/span><span style=\"font-weight: 400;\">\u00bfTe lo has cre\u00eddo? \u00a1Feliz d\u00eda, inocente!<\/span><span style=\"font-weight: 400;\"><br \/>\n<\/span><span style=\"font-weight: 400;\"><br \/>\n<\/span><span style=\"font-weight: 400;\">Esperamos que hayas le\u00eddo hasta aqu\u00ed, y que no te hayas cre\u00eddo ni una palabra de lo que hemos dicho.<\/span><\/p>\n<p><span style=\"font-weight: 400;\">Bueno, en realidad, no todo era broma: s\u00ed que<\/span><a href=\"https:\/\/somconnexio.coop\/es\/somos-conexion-dejamos-de-publicar-en-x\/\"><span style=\"font-weight: 400;\"> hemos cumplido 10 a\u00f1os, este 2024, y aqu\u00ed te lo explicamos<\/span><\/a><span style=\"font-weight: 400;\">; y tambi\u00e9n es cierto que hemos decidido interrumpir nuestra comunicaci\u00f3n a trav\u00e9s de la red social X, porque contradice diametralmente nuestros valores.\u00a0<\/span><\/p>\n<p><span style=\"font-weight: 400;\">\u00a1Este 2025, en Somos Conexi\u00f3n seguiremos trabajando para imaginar y construir un mundo m\u00e1s justo a trav\u00e9s de las telecomunicaciones cr\u00edticas y con perspectiva transformadora!<\/span><\/p>\n<h3 class=\"crp-list-title\">Los m\u00e1s le\u00eddos este a\u00f1o<\/h3><p>None found<\/p>\n","protected":false},"excerpt":{"rendered":"<p>Esta \u00faltima semana, en Somos\u00a0 Conexi\u00f3n hemos estado muy ajetreadas. En este art\u00edculo le explicamos el porqu\u00e9: hemos recibido un encargo de los gordos. Empecemos por el principio: un d\u00eda cualquiera de la semana pasada, todav\u00eda en medio del cierre de presupuestos, de las presentaciones de planes estrat\u00e9gicos anuales, del env\u00edo de las postales que [&hellip;]<\/p>\n","protected":false},"author":1,"featured_media":24447,"comment_status":"closed","ping_status":"closed","sticky":false,"template":"wp-custom-template-blog-pink","format":"standard","meta":{"footnotes":""},"categories":[87],"tags":[],"class_list":["post-23695","post","type-post","status-publish","format-standard","has-post-thumbnail","hentry","category-noticias"],"yoast_head":"<!-- This site is optimized with the Yoast SEO plugin v25.1 - https:\/\/yoast.com\/wordpress\/plugins\/seo\/ -->\n<title>El presidente de EEUU quiere cooperativizar las telecomunicaciones - Somos Conexi\u00f3n<\/title>\n<meta name=\"description\" content=\"Esta \u00faltima semana, en Somos\u00a0 Conexi\u00f3n hemos estado muy ajetreadas. En este art\u00edculo le explicamos el porqu\u00e9: hemos recibido un encargo de los gordos.\" \/>\n<meta name=\"robots\" content=\"index, follow, max-snippet:-1, max-image-preview:large, max-video-preview:-1\" \/>\n<link rel=\"canonical\" href=\"https:\/\/somconnexio.coop\/es\/noticias\/presidente-eeuu-cooperativizar-telecomunicaciones\/\" \/>\n<meta property=\"og:locale\" content=\"es_ES\" \/>\n<meta property=\"og:type\" content=\"article\" \/>\n<meta property=\"og:title\" content=\"El presidente de EEUU quiere cooperativizar las telecomunicaciones - Somos Conexi\u00f3n\" \/>\n<meta property=\"og:description\" content=\"Esta \u00faltima semana, en Somos\u00a0 Conexi\u00f3n hemos estado muy ajetreadas. En este art\u00edculo le explicamos el porqu\u00e9: hemos recibido un encargo de los gordos.\" \/>\n<meta property=\"og:url\" content=\"https:\/\/somconnexio.coop\/es\/noticias\/presidente-eeuu-cooperativizar-telecomunicaciones\/\" \/>\n<meta property=\"og:site_name\" content=\"Somos Conexi\u00f3n\" \/>\n<meta property=\"article:published_time\" content=\"2024-12-28T07:26:38+00:00\" \/>\n<meta property=\"article:modified_time\" content=\"2025-02-27T12:36:46+00:00\" \/>\n<meta property=\"og:image\" content=\"https:\/\/somconnexio.coop\/wp-content\/uploads\/2024\/12\/sc_12-2024_trump-elon_blog_cast-1.jpg\" \/>\n\t<meta property=\"og:image:width\" content=\"1500\" \/>\n\t<meta property=\"og:image:height\" content=\"786\" \/>\n\t<meta property=\"og:image:type\" content=\"image\/jpeg\" \/>\n<meta name=\"author\" content=\"Som Connexi\u00f3\" \/>\n<meta name=\"twitter:card\" content=\"summary_large_image\" \/>\n<meta name=\"twitter:label1\" content=\"Escrito por\" \/>\n\t<meta name=\"twitter:data1\" content=\"Som Connexi\u00f3\" \/>\n\t<meta name=\"twitter:label2\" content=\"Tiempo de lectura\" \/>\n\t<meta name=\"twitter:data2\" content=\"3 minutos\" \/>\n<script type=\"application\/ld+json\" class=\"yoast-schema-graph\">{\"@context\":\"https:\/\/schema.org\",\"@graph\":[{\"@type\":\"WebPage\",\"@id\":\"https:\/\/somconnexio.coop\/es\/noticias\/presidente-eeuu-cooperativizar-telecomunicaciones\/\",\"url\":\"https:\/\/somconnexio.coop\/es\/noticias\/presidente-eeuu-cooperativizar-telecomunicaciones\/\",\"name\":\"El presidente de EEUU quiere cooperativizar las telecomunicaciones - Somos Conexi\u00f3n\",\"isPartOf\":{\"@id\":\"https:\/\/somconnexio.coop\/#website\"},\"primaryImageOfPage\":{\"@id\":\"https:\/\/somconnexio.coop\/es\/noticias\/presidente-eeuu-cooperativizar-telecomunicaciones\/#primaryimage\"},\"image\":{\"@id\":\"https:\/\/somconnexio.coop\/es\/noticias\/presidente-eeuu-cooperativizar-telecomunicaciones\/#primaryimage\"},\"thumbnailUrl\":\"https:\/\/somconnexio.coop\/wp-content\/uploads\/2024\/12\/sc_12-2024_trump-elon_blog_cast-1.jpg\",\"datePublished\":\"2024-12-28T07:26:38+00:00\",\"dateModified\":\"2025-02-27T12:36:46+00:00\",\"author\":{\"@id\":\"https:\/\/somconnexio.coop\/#\/schema\/person\/630d418ae875e664d5aff0d4c2917af7\"},\"description\":\"Esta \u00faltima semana, en Somos\u00a0 Conexi\u00f3n hemos estado muy ajetreadas. En este art\u00edculo le explicamos el porqu\u00e9: hemos recibido un encargo de los gordos.\",\"breadcrumb\":{\"@id\":\"https:\/\/somconnexio.coop\/es\/noticias\/presidente-eeuu-cooperativizar-telecomunicaciones\/#breadcrumb\"},\"inLanguage\":\"es\",\"potentialAction\":[{\"@type\":\"ReadAction\",\"target\":[\"https:\/\/somconnexio.coop\/es\/noticias\/presidente-eeuu-cooperativizar-telecomunicaciones\/\"]}]},{\"@type\":\"ImageObject\",\"inLanguage\":\"es\",\"@id\":\"https:\/\/somconnexio.coop\/es\/noticias\/presidente-eeuu-cooperativizar-telecomunicaciones\/#primaryimage\",\"url\":\"https:\/\/somconnexio.coop\/wp-content\/uploads\/2024\/12\/sc_12-2024_trump-elon_blog_cast-1.jpg\",\"contentUrl\":\"https:\/\/somconnexio.coop\/wp-content\/uploads\/2024\/12\/sc_12-2024_trump-elon_blog_cast-1.jpg\",\"width\":1500,\"height\":786},{\"@type\":\"BreadcrumbList\",\"@id\":\"https:\/\/somconnexio.coop\/es\/noticias\/presidente-eeuu-cooperativizar-telecomunicaciones\/#breadcrumb\",\"itemListElement\":[{\"@type\":\"ListItem\",\"position\":1,\"name\":\"Portada\",\"item\":\"https:\/\/somconnexio.coop\/es\/\"},{\"@type\":\"ListItem\",\"position\":2,\"name\":\"El presidente de EEUU quiere cooperativizar las telecomunicaciones\"}]},{\"@type\":\"WebSite\",\"@id\":\"https:\/\/somconnexio.coop\/#website\",\"url\":\"https:\/\/somconnexio.coop\/\",\"name\":\"Somos Conexi\u00f3n\",\"description\":\"la 1a cooperativa de telefon\u00eda e internet\",\"potentialAction\":[{\"@type\":\"SearchAction\",\"target\":{\"@type\":\"EntryPoint\",\"urlTemplate\":\"https:\/\/somconnexio.coop\/?s={search_term_string}\"},\"query-input\":{\"@type\":\"PropertyValueSpecification\",\"valueRequired\":true,\"valueName\":\"search_term_string\"}}],\"inLanguage\":\"es\"},{\"@type\":\"Person\",\"@id\":\"https:\/\/somconnexio.coop\/#\/schema\/person\/630d418ae875e664d5aff0d4c2917af7\",\"name\":\"Som Connexi\u00f3\",\"url\":\"https:\/\/somconnexio.coop\/es\/author\/somconnexio\/\"}]}<\/script>\n<!-- \/ Yoast SEO plugin. -->","yoast_head_json":{"title":"El presidente de EEUU quiere cooperativizar las telecomunicaciones - Somos Conexi\u00f3n","description":"Esta \u00faltima semana, en Somos\u00a0 Conexi\u00f3n hemos estado muy ajetreadas. En este art\u00edculo le explicamos el porqu\u00e9: hemos recibido un encargo de los gordos.","robots":{"index":"index","follow":"follow","max-snippet":"max-snippet:-1","max-image-preview":"max-image-preview:large","max-video-preview":"max-video-preview:-1"},"canonical":"https:\/\/somconnexio.coop\/es\/noticias\/presidente-eeuu-cooperativizar-telecomunicaciones\/","og_locale":"es_ES","og_type":"article","og_title":"El presidente de EEUU quiere cooperativizar las telecomunicaciones - Somos Conexi\u00f3n","og_description":"Esta \u00faltima semana, en Somos\u00a0 Conexi\u00f3n hemos estado muy ajetreadas. En este art\u00edculo le explicamos el porqu\u00e9: hemos recibido un encargo de los gordos.","og_url":"https:\/\/somconnexio.coop\/es\/noticias\/presidente-eeuu-cooperativizar-telecomunicaciones\/","og_site_name":"Somos Conexi\u00f3n","article_published_time":"2024-12-28T07:26:38+00:00","article_modified_time":"2025-02-27T12:36:46+00:00","og_image":[{"width":1500,"height":786,"url":"https:\/\/somconnexio.coop\/wp-content\/uploads\/2024\/12\/sc_12-2024_trump-elon_blog_cast-1.jpg","type":"image\/jpeg"}],"author":"Som Connexi\u00f3","twitter_card":"summary_large_image","twitter_misc":{"Escrito por":"Som Connexi\u00f3","Tiempo de lectura":"3 minutos"},"schema":{"@context":"https:\/\/schema.org","@graph":[{"@type":"WebPage","@id":"https:\/\/somconnexio.coop\/es\/noticias\/presidente-eeuu-cooperativizar-telecomunicaciones\/","url":"https:\/\/somconnexio.coop\/es\/noticias\/presidente-eeuu-cooperativizar-telecomunicaciones\/","name":"El presidente de EEUU quiere cooperativizar las telecomunicaciones - Somos Conexi\u00f3n","isPartOf":{"@id":"https:\/\/somconnexio.coop\/#website"},"primaryImageOfPage":{"@id":"https:\/\/somconnexio.coop\/es\/noticias\/presidente-eeuu-cooperativizar-telecomunicaciones\/#primaryimage"},"image":{"@id":"https:\/\/somconnexio.coop\/es\/noticias\/presidente-eeuu-cooperativizar-telecomunicaciones\/#primaryimage"},"thumbnailUrl":"https:\/\/somconnexio.coop\/wp-content\/uploads\/2024\/12\/sc_12-2024_trump-elon_blog_cast-1.jpg","datePublished":"2024-12-28T07:26:38+00:00","dateModified":"2025-02-27T12:36:46+00:00","author":{"@id":"https:\/\/somconnexio.coop\/#\/schema\/person\/630d418ae875e664d5aff0d4c2917af7"},"description":"Esta \u00faltima semana, en Somos\u00a0 Conexi\u00f3n hemos estado muy ajetreadas. En este art\u00edculo le explicamos el porqu\u00e9: hemos recibido un encargo de los gordos.","breadcrumb":{"@id":"https:\/\/somconnexio.coop\/es\/noticias\/presidente-eeuu-cooperativizar-telecomunicaciones\/#breadcrumb"},"inLanguage":"es","potentialAction":[{"@type":"ReadAction","target":["https:\/\/somconnexio.coop\/es\/noticias\/presidente-eeuu-cooperativizar-telecomunicaciones\/"]}]},{"@type":"ImageObject","inLanguage":"es","@id":"https:\/\/somconnexio.coop\/es\/noticias\/presidente-eeuu-cooperativizar-telecomunicaciones\/#primaryimage","url":"https:\/\/somconnexio.coop\/wp-content\/uploads\/2024\/12\/sc_12-2024_trump-elon_blog_cast-1.jpg","contentUrl":"https:\/\/somconnexio.coop\/wp-content\/uploads\/2024\/12\/sc_12-2024_trump-elon_blog_cast-1.jpg","width":1500,"height":786},{"@type":"BreadcrumbList","@id":"https:\/\/somconnexio.coop\/es\/noticias\/presidente-eeuu-cooperativizar-telecomunicaciones\/#breadcrumb","itemListElement":[{"@type":"ListItem","position":1,"name":"Portada","item":"https:\/\/somconnexio.coop\/es\/"},{"@type":"ListItem","position":2,"name":"El presidente de EEUU quiere cooperativizar las telecomunicaciones"}]},{"@type":"WebSite","@id":"https:\/\/somconnexio.coop\/#website","url":"https:\/\/somconnexio.coop\/","name":"Somos Conexi\u00f3n","description":"la 1a cooperativa de telefon\u00eda e internet","potentialAction":[{"@type":"SearchAction","target":{"@type":"EntryPoint","urlTemplate":"https:\/\/somconnexio.coop\/?s={search_term_string}"},"query-input":{"@type":"PropertyValueSpecification","valueRequired":true,"valueName":"search_term_string"}}],"inLanguage":"es"},{"@type":"Person","@id":"https:\/\/somconnexio.coop\/#\/schema\/person\/630d418ae875e664d5aff0d4c2917af7","name":"Som Connexi\u00f3","url":"https:\/\/somconnexio.coop\/es\/author\/somconnexio\/"}]}},"_links":{"self":[{"href":"https:\/\/somconnexio.coop\/es\/wp-json\/wp\/v2\/posts\/23695","targetHints":{"allow":["GET"]}}],"collection":[{"href":"https:\/\/somconnexio.coop\/es\/wp-json\/wp\/v2\/posts"}],"about":[{"href":"https:\/\/somconnexio.coop\/es\/wp-json\/wp\/v2\/types\/post"}],"author":[{"embeddable":true,"href":"https:\/\/somconnexio.coop\/es\/wp-json\/wp\/v2\/users\/1"}],"replies":[{"embeddable":true,"href":"https:\/\/somconnexio.coop\/es\/wp-json\/wp\/v2\/comments?post=23695"}],"version-history":[{"count":1,"href":"https:\/\/somconnexio.coop\/es\/wp-json\/wp\/v2\/posts\/23695\/revisions"}],"predecessor-version":[{"id":23812,"href":"https:\/\/somconnexio.coop\/es\/wp-json\/wp\/v2\/posts\/23695\/revisions\/23812"}],"wp:featuredmedia":[{"embeddable":true,"href":"https:\/\/somconnexio.coop\/es\/wp-json\/wp\/v2\/media\/24447"}],"wp:attachment":[{"href":"https:\/\/somconnexio.coop\/es\/wp-json\/wp\/v2\/media?parent=23695"}],"wp:term":[{"taxonomy":"category","embeddable":true,"href":"https:\/\/somconnexio.coop\/es\/wp-json\/wp\/v2\/categories?post=23695"},{"taxonomy":"post_tag","embeddable":true,"href":"https:\/\/somconnexio.coop\/es\/wp-json\/wp\/v2\/tags?post=23695"}],"curies":[{"name":"wp","href":"https:\/\/api.w.org\/{rel}","templated":true}]}}