  {"id":25112,"date":"2025-03-04T14:12:46","date_gmt":"2025-03-04T13:12:46","guid":{"rendered":"https:\/\/somconnexio.coop\/?p=25112"},"modified":"2025-08-12T11:54:11","modified_gmt":"2025-08-12T09:54:11","slug":"reparar-los-aparatos-para-reducir-el-impacto-de-la-basura-electronica","status":"publish","type":"post","link":"https:\/\/somconnexio.coop\/es\/sostenibilidad\/reparar-los-aparatos-para-reducir-el-impacto-de-la-basura-electronica\/","title":{"rendered":"Reparar los aparatos para reducir el impacto de la basura electr\u00f3nica"},"content":{"rendered":"\n<p>Los residuos que generan los aparatos electr\u00f3nicos crecen cinco veces m\u00e1s r\u00e1pido que la cantidad que se recicla. As\u00ed lo refleja <a href=\"https:\/\/unitar.org\/about\/news-stories\/press\/global-e-waste-monitor-2024-electronic-waste-rising-five-times-faster-documented-e-waste-recycling\">el \u00faltimo estudio del Instituto de las Naciones Unidas para la Formaci\u00f3n y la Investigaci\u00f3n (Unitar) sobre el impacto mundial de los residuos que generan los dispositivos electr\u00f3nicos<\/a>. La idea predominante de que comprar un producto nuevo es m\u00e1s barato que reparar uno antiguo es una de las paradojas de la sociedad digital del siglo XXI. La contradicci\u00f3n se vuelve a\u00fan m\u00e1s impactante si se le a\u00f1ade la escasez de algunos materiales y pol\u00edticas de reciclaje muy limitadas. Ante este panorama, existen iniciativas sociales que promueven un cambio de paradigma en el consumo de productos electr\u00f3nicos.<\/p>\n\n\n\n<p>Los 62 millones de toneladas de <a href=\"https:\/\/remobile.org.nz\/every-mobile-matters-how-you-can-stop-the-world-running-out-of-smart-phones\/\">residuos electr\u00f3nicos<\/a> generados en 2022 llenar\u00edan 1,55 millones de camiones de 40 toneladas. Son veh\u00edculos suficientes para formar una l\u00ednea continua alrededor del Ecuador, seg\u00fan el informe de Unitar.<strong> Un 7,4% de estos residuos son de peque\u00f1os aparatos de telecomunicaciones, dentro de los que est\u00e1n incluidos los <em>routers<\/em>, los port\u00e1tiles y los m\u00f3viles.<\/strong> Es un porcentaje significativo, ya que el peso de estos aparatos es muy reducido en comparaci\u00f3n con otros objetos como microondas, aspiradores o paneles solares.&nbsp;<\/p>\n\n\n\n<p>Actualmente hay <a href=\"https:\/\/remobile.org.nz\/every-mobile-matters-how-you-can-stop-the-world-running-out-of-smart-phones\/\">escasez de materias primas<\/a> para fabricar tel\u00e9fonos m\u00f3viles, como el indio, el terbio, el tungsteno o el litio. Algunos de ellos podr\u00edan desaparecer dentro de 20 o 30 a\u00f1os. \u201cEn general, el reciclaje de aparatos no es rentable econ\u00f3micamente ni sostenible ambientalmente; es una cortina de humo para motivar a los consumidores\u201d, destaca un portavoz del colectivo Restarters Barcelona. La asociaci\u00f3n, que trabaja para impulsar alternativas a la obsolescencia planificada, explica que es muy dif\u00edcil separar los materiales, ya que muchos de ellos forman parte de aleaciones y conseguirlo implicar\u00eda utilizar grandes cantidades de energ\u00eda, que probablemente acabar\u00edan haciendo m\u00e1s caro el material reciclado que uno nuevo.<\/p>\n\n\n\n<p><a href=\"https:\/\/therestartproject.org\/groups\/restarters-barcelona\/\">Restarters Barcelona,<\/a> fundada en 2015, apunta que \u201cestamos consumiendo aparatos hechos de materiales que frecuentemente se extraen de forma violenta\u201d. \u201cMientras expoliar la naturaleza en pa\u00edses en v\u00edas de desarrollo sea tan barato como hasta ahora, ninguna empresa se dedicar\u00e1 a remover vertederos, ya que la cantidad de metales de valor por tonelada de residuos es relativamente baja\u201d, defiende el colectivo, que a\u00f1ade que la legislaci\u00f3n espa\u00f1ola y la europea son \u201cdemasiado complacientes\u201d con los empresarios. Restarters Barcelona propone aprender a reparar los peque\u00f1os aparatos el\u00e9ctricos y electr\u00f3nicos para alargar su vida \u00fatil y no tener que comprar nuevos productos a ritmo fren\u00e9tico. <strong>El colectivo est\u00e1 formado por reparadores voluntarios y voluntarias que gu\u00edan a otras personas en el proceso de reparaci\u00f3n de los aparatos. <\/strong>\u201cEn muchas ocasiones conseguimos arreglarlos solo con un cambio de un peque\u00f1o componente, por menos de un euro, o simplemente resoldando un cable\u201d, cuentan.&nbsp;<\/p>\n\n\n\n<h2 class=\"wp-block-heading\"><strong>M\u00e1s valor sentimental<\/strong><\/h2>\n\n\n\n<p>\u201cComo consecuencia de la reparaci\u00f3n conocemos un poco m\u00e1s el aparato y lo que le ha ocurrido. Esto nos vincula a \u00e9l. Luego lo sentimos m\u00e1s nuestro\u201d, expone la entidad, que organiza encuentros, principalmente en el \u00e1rea metropolitana de Barcelona, pero tambi\u00e9n en otros puntos de la geograf\u00eda catalana. Las <em>restart parties<\/em> re\u00fanen a personas que acuden con dispositivos para reparar \u2013tecnol\u00f3gicos o peque\u00f1os electrodom\u00e9sticos\u2013 y que se ayudan mutuamente, de forma gratuita con el objetivo de pasar un buen rato y crear comunidad.<strong> El proyecto Restarters es internacional, tiene comunidades en todo el mundo<\/strong>. Dispone de una base de datos que se llama <a href=\"https:\/\/therestartproject.org\/fixometer-2\/\">Fixometer<\/a>, que recoge datos de las reparaciones hechas en los encuentros. \u201cVolcamos la informaci\u00f3n, de forma anonimizada, de los aparatos que pasan por nuestras manos \u2013marca, modelo, aver\u00eda, a\u00f1o de fabricaci\u00f3n y resultado\u2013 con el objetivo de demostrar tendencias en determinados productos o marcas con tal de evidenciar a\u00fan m\u00e1s la obsolescencia programada\u201d, detalla Restarters Barcelona, que explica que existe un grupo similar al suyo en Valencia y tambi\u00e9n los <a href=\"https:\/\/www.repaircafe.org\/es\/\">Repair Caf\u00e8<\/a>, en Madrid, Euskadi y Galicia, que persiguen los mismos objetivos.<\/p>\n\n\n\n<h2 class=\"wp-block-heading\"><strong>Salvar el <\/strong><strong><em>hardware<\/em><\/strong><strong> con <\/strong><strong><em>software<\/em><\/strong><strong> libre&nbsp;<\/strong><\/h2>\n\n\n\n<p>Muchos m\u00f3viles y ordenadores que funcionan son tirados porque los fabricantes de <em>software<\/em> deciden dejar de darles soporte o porque las versiones nuevas exigen demasiados recursos a estos modelos antiguos.<strong> \u201cEl buen <em>software<\/em> es lo m\u00e1s ligero posible\u201d<\/strong>, apunta Restarters, que subraya que las grandes empresas tecnol\u00f3gicas a veces lanzan nuevas actualizaciones con la promesa de que mejoran la seguridad, pero a menudo son \u201cfalsas excusas\u201d para hacer que las nuevas versiones no funcionen bien con el <em>hardware <\/em>viejo.&nbsp; \u201cEn contra de esto podemos utilizar sistemas operativos <em>alternativos<\/em> como Linux en los ordenadores o, por ejemplo, LineageOS en algunos m\u00f3viles Android\u201d. Son opciones con m\u00e1s privacidad y, casi siempre, m\u00e1s seguras, estables, adem\u00e1s de gratuitas\u201d. En este sentido, es tambi\u00e9n posible volver a utilizar tel\u00e9fonos o port\u00e1tiles que puede parecer que est\u00e1n rotos, pero que en el fondo no funcionan porque tienen un <em>software<\/em> de las grandes empresas tecnol\u00f3gicas que hace que vayan lentos. Los podemos hacer <em>revivir<\/em> simplemente con la instalaci\u00f3n de un sistema operativo libre.<\/p>\n\n\n\n<h2 class=\"wp-block-heading\"><strong>Una perspectiva decrecentista&nbsp;<\/strong><\/h2>\n\n\n\n<p>Un dise\u00f1ador cubano, <a href=\"https:\/\/www.ernestooroza.com\/\">Ernesto Oroza<\/a>, ha fundamentado su obra en la reparaci\u00f3n de productos en la isla caribe\u00f1a, ante la imposibilidad de comprar de nuevos por la situaci\u00f3n pol\u00edtica y, a veces, incluso d\u00e1ndoles una utilidad distinta a la que ten\u00edan inicialmente. El artista, <a href=\"https:\/\/elpais.com\/tecnologia\/2019\/10\/11\/actualidad\/1570788997_600414.html\">que visit\u00f3 Maker Faire Barcelona en 2019<\/a>, presenta el concepto de reparar para avanzar hacia una \u201cdesobediencia tecnol\u00f3gica\u201d. \u201cEs una prueba de que son posibles formas de uso de la tecnolog\u00eda m\u00e1s moderadas, emp\u00e1ticas e innovadoras en situaciones de escasez como las que, probablemente, tendremos que afrontar en Europa en un futuro no tan lejano\u201d, destaca Restarters, que ve en el ejemplo de Cuba un caso de \u201cperspectiva decrecentista real derivada del bloqueo econ\u00f3mico de los Estados Unidos\u201d que demuestra que \u201cse puede reducir el consumo y avanzar hacia la suficiencia\u201d.&nbsp;<\/p>\n\n\n\n<h2 class=\"wp-block-heading\"><strong>Un congreso alternativo al Mobile World Congress<\/strong><\/h2>\n\n\n\n<p>El ejemplo de Restarters Barcelona demuestra que es posible relacionarse con los aparatos de otra forma. En esta l\u00ednea, la capital catalana acoger\u00e1 entre el 3 y el 5 de marzo el <a href=\"https:\/\/mobilesocialcongress.cat\/ca\/programa\/\">Mobile Social Congress<\/a>, un evento que quiere ser un espacio de reflexi\u00f3n y debate sobre los efectos del modelo de consumo de electr\u00f3nica actual y promover una tecnolog\u00eda m\u00e1s justa y sostenible. El evento, que patrocinamos desde Somos Conexi\u00f3n, se centrar\u00e1 en la era actual, de \u201ctecnofeudalismo, on el poder y el capital est\u00e1n en manos de unas pocas empresas\u201d y se vuelve \u201cm\u00e1s necesario que nunca visibilizar estas din\u00e1micas y apoyar las luchas por los derechos laborales, ambientales y digitales\u201d.&nbsp;<\/p>\n\n\n\n<p>El Mobile Social Congress celebrar\u00e1 este a\u00f1o su d\u00e9cima edici\u00f3n, los mismos d\u00edas que Barcelona acoge el Mobile World Congress, el evento global que anualmente re\u00fane a la industria tecnol\u00f3gica. Entre las decenas de conferencias programadas en el congreso mundial solo dos hablar\u00e1n de <a href=\"https:\/\/www.mwcbarcelona.com\/agenda\/sessions\/5127-rethinking-supply-chains-how-tech-can-clean-up-its-act\">reciclaje<\/a> y <a href=\"https:\/\/www.mwcbarcelona.com\/agenda\/sessions\/5448-rethinking-mobile-devices-how-to-cash-in-on-circular-business-models\">econom\u00eda circular.<\/a> No sorprende al portavoz de Restarters Barcelona: \u201c\u00a1Claro que son conscientes de los residuos y de la escasez de materiales! Pero la din\u00e1mica del mercado productivista solamente incentiva continuar exprimiendo la situaci\u00f3n hasta que reviente. La \u00fanica raz\u00f3n que mueve al <em>lobby<\/em> de los dispositivos m\u00f3viles (y de tantos otros productos) es el beneficio y el crecimiento econ\u00f3mico\u201d. El congreso alternativo, de inscripci\u00f3n gratuita y <a href=\"https:\/\/www.setem.org\/catalunya\/\">organizado por la federaci\u00f3n Setem<\/a>, tratar\u00e1 temas como la soberan\u00eda tecnol\u00f3gica, el <em>software<\/em> libre, los riesgos de la inteligencia artificial y el expolio de pa\u00edses en v\u00edas de desarrollo.&nbsp;<\/p>\n\n\n\n<h2 class=\"wp-block-heading\"><strong>Comprar m\u00f3viles reacondicionados<\/strong><\/h2>\n\n\n\n<p>En Somos Conexi\u00f3n tenemos un acuerdo con Reparamos Ya, que <a href=\"https:\/\/somconnexio.coop\/es\/moviles-reacondicionados\/\">nos permite ofrecer un descuento para la compra de dispositivos reacondicionados<\/a> de esta empresa. Se trata de m\u00f3viles que alguien ha dejado de utilizar y que han sido reparados con el objetivo de darles una segunda vida. Ante la idea de comprar un dispositivo nuevo, es importante tener en cuenta si se puede reparar nuestro aparato actual. Una opci\u00f3n es apuntarnos a una <em>restart party<\/em> para intentarlo. Restarters Barcelona organiza encuentros peri\u00f3dicos, varias veces al mes, tanto en el Casal de Barri Ca l\u2019Isidret como en la Caixa d\u2019Eines i Feines, en Barcelona. Tambi\u00e9n celebra <em>parties<\/em> puntuales en otras poblaciones, <a href=\"https:\/\/restartersbcn.info\/\"><strong>la agenda se puede consultar en su p\u00e1gina web<\/strong><\/a>. Fuera de Catalu\u00f1a pod\u00e9is buscar si existe un proyecto similar en vuestra comunidad. Comprar un m\u00f3vil reacondicionado, que ya haya puesto a punto una empresa especializada, es otra opci\u00f3n. En definitiva, son ideas para poder contribuir a avanzar hacia un modelo de consumo m\u00e1s sostenible: que genere menos basura electr\u00f3nica, m\u00e1s respetuoso con los pa\u00edses en v\u00edas de desarrollo y que ayude a preservar en el tiempo la disponibilidad de los recursos naturales.&nbsp;<\/p>\n\n\n<h3 class=\"crp-list-title\">Contenidos relacionados<\/h3><div class=\"crp-list\"><div class=\"crp-list-item crp-list-item-image-above crp-list-item-has-image\"><div class=\"crp-list-item-image\"><a href=\"https:\/\/somconnexio.coop\/es\/sostenibilidad\/obsolescencia-programada-telefono-movil\/\"><img loading=\"lazy\" decoding=\"async\" data-pin-nopin=\"true\" style=\"max-width: 1600px; height: auto;\" width=\"1600\" height=\"837\" src=\"https:\/\/somconnexio.coop\/wp-content\/uploads\/2022\/03\/obsolescencia-programada-movil.jpeg\" class=\"attachment- size- wp-post-image\" alt=\"\" srcset=\"https:\/\/somconnexio.coop\/wp-content\/uploads\/2022\/03\/obsolescencia-programada-movil.jpeg 1600w, https:\/\/somconnexio.coop\/wp-content\/uploads\/2022\/03\/obsolescencia-programada-movil-300x157.jpeg 300w, https:\/\/somconnexio.coop\/wp-content\/uploads\/2022\/03\/obsolescencia-programada-movil-1024x536.jpeg 1024w, https:\/\/somconnexio.coop\/wp-content\/uploads\/2022\/03\/obsolescencia-programada-movil-768x402.jpeg 768w, https:\/\/somconnexio.coop\/wp-content\/uploads\/2022\/03\/obsolescencia-programada-movil-1536x804.jpeg 1536w\" sizes=\"auto, (max-width: 1600px) 100vw, 1600px\" \/><\/a><\/div><div class=\"crp-list-item-title\"><a href=\"https:\/\/somconnexio.coop\/es\/sostenibilidad\/obsolescencia-programada-telefono-movil\/\">La obsolescencia programada de tu m\u00f3vil<\/a><\/div><\/div><div class=\"crp-list-item crp-list-item-image-above crp-list-item-has-image\"><div class=\"crp-list-item-image\"><a href=\"https:\/\/somconnexio.coop\/es\/solidaridad\/como-impactan-nuestros-moviles-en-el-sur-global\/\"><img loading=\"lazy\" decoding=\"async\" data-pin-nopin=\"true\" style=\"max-width: 1500px; height: auto;\" width=\"1500\" height=\"786\" src=\"https:\/\/somconnexio.coop\/wp-content\/uploads\/2023\/01\/sc-enero-2023-blog-mina-cast.jpg\" class=\"attachment- size- wp-post-image\" alt=\"\" srcset=\"https:\/\/somconnexio.coop\/wp-content\/uploads\/2023\/01\/sc-enero-2023-blog-mina-cast.jpg 1500w, https:\/\/somconnexio.coop\/wp-content\/uploads\/2023\/01\/sc-enero-2023-blog-mina-cast-300x157.jpg 300w, https:\/\/somconnexio.coop\/wp-content\/uploads\/2023\/01\/sc-enero-2023-blog-mina-cast-1024x537.jpg 1024w, https:\/\/somconnexio.coop\/wp-content\/uploads\/2023\/01\/sc-enero-2023-blog-mina-cast-768x402.jpg 768w\" sizes=\"auto, (max-width: 1500px) 100vw, 1500px\" \/><\/a><\/div><div class=\"crp-list-item-title\"><a href=\"https:\/\/somconnexio.coop\/es\/solidaridad\/como-impactan-nuestros-moviles-en-el-sur-global\/\">\u00bfC\u00f3mo impactan nuestros m\u00f3viles en el Sur Global?<\/a><\/div><\/div><div class=\"crp-list-item crp-list-item-image-above crp-list-item-has-image\"><div class=\"crp-list-item-image\"><a href=\"https:\/\/somconnexio.coop\/es\/sostenibilidad\/es-posible-consumir-tecnologia-y-telecomunicaciones-de-forma-mas-sostenible-para-el-planeta\/\"><img loading=\"lazy\" decoding=\"async\" data-pin-nopin=\"true\" style=\"max-width: 1500px; height: auto;\" width=\"1500\" height=\"786\" src=\"https:\/\/somconnexio.coop\/wp-content\/uploads\/2022\/04\/tres-r-cast.jpg\" class=\"attachment- size- wp-post-image\" alt=\"M\u00e1s all\u00e1 de las 3 &quot;R&quot;\" srcset=\"https:\/\/somconnexio.coop\/wp-content\/uploads\/2022\/04\/tres-r-cast.jpg 1500w, https:\/\/somconnexio.coop\/wp-content\/uploads\/2022\/04\/tres-r-cast-300x157.jpg 300w, https:\/\/somconnexio.coop\/wp-content\/uploads\/2022\/04\/tres-r-cast-1024x537.jpg 1024w, https:\/\/somconnexio.coop\/wp-content\/uploads\/2022\/04\/tres-r-cast-768x402.jpg 768w\" sizes=\"auto, (max-width: 1500px) 100vw, 1500px\" \/><\/a><\/div><div class=\"crp-list-item-title\"><a href=\"https:\/\/somconnexio.coop\/es\/sostenibilidad\/es-posible-consumir-tecnologia-y-telecomunicaciones-de-forma-mas-sostenible-para-el-planeta\/\">\u00bfEs posible consumir tecnolog\u00eda y telecomunicaciones de forma m\u00e1s sostenible para el planeta?<\/a><\/div><\/div><\/div>","protected":false},"excerpt":{"rendered":"<p>Los residuos que generan los aparatos electr\u00f3nicos crecen cinco veces m\u00e1s r\u00e1pido que la cantidad que se recicla. As\u00ed lo refleja el \u00faltimo estudio del Instituto de las Naciones Unidas para la Formaci\u00f3n y la Investigaci\u00f3n (Unitar) sobre el impacto mundial de los residuos que generan los dispositivos electr\u00f3nicos. La idea predominante de que comprar [&hellip;]<\/p>\n","protected":false},"author":1,"featured_media":25110,"comment_status":"closed","ping_status":"closed","sticky":false,"template":"","format":"standard","meta":{"footnotes":""},"categories":[290],"tags":[],"class_list":["post-25112","post","type-post","status-publish","format-standard","has-post-thumbnail","hentry","category-sostenibilidad"],"yoast_head":"<!-- This site is optimized with the Yoast SEO plugin v25.1 - https:\/\/yoast.com\/wordpress\/plugins\/seo\/ -->\n<title>Reparar los aparatos para reducir el impacto de la basura electr\u00f3nica - Somos Conexi\u00f3n<\/title>\n<meta name=\"robots\" content=\"index, follow, max-snippet:-1, max-image-preview:large, max-video-preview:-1\" \/>\n<link rel=\"canonical\" href=\"https:\/\/somconnexio.coop\/es\/sostenibilidad\/reparar-los-aparatos-para-reducir-el-impacto-de-la-basura-electronica\/\" \/>\n<meta property=\"og:locale\" content=\"es_ES\" \/>\n<meta property=\"og:type\" content=\"article\" \/>\n<meta property=\"og:title\" content=\"Reparar los aparatos para reducir el impacto de la basura electr\u00f3nica - Somos Conexi\u00f3n\" \/>\n<meta property=\"og:description\" content=\"Los residuos que generan los aparatos electr\u00f3nicos crecen cinco veces m\u00e1s r\u00e1pido que la cantidad que se recicla. As\u00ed lo refleja el \u00faltimo estudio del Instituto de las Naciones Unidas para la Formaci\u00f3n y la Investigaci\u00f3n (Unitar) sobre el impacto mundial de los residuos que generan los dispositivos electr\u00f3nicos. La idea predominante de que comprar [&hellip;]\" \/>\n<meta property=\"og:url\" content=\"https:\/\/somconnexio.coop\/es\/sostenibilidad\/reparar-los-aparatos-para-reducir-el-impacto-de-la-basura-electronica\/\" \/>\n<meta property=\"og:site_name\" content=\"Somos Conexi\u00f3n\" \/>\n<meta property=\"article:published_time\" content=\"2025-03-04T13:12:46+00:00\" \/>\n<meta property=\"article:modified_time\" content=\"2025-08-12T09:54:11+00:00\" \/>\n<meta property=\"og:image\" content=\"https:\/\/somconnexio.coop\/wp-content\/uploads\/2025\/03\/SomConnexio_postReparacioMobils_blocCAT.jpg\" \/>\n\t<meta property=\"og:image:width\" content=\"2250\" \/>\n\t<meta property=\"og:image:height\" content=\"1177\" \/>\n\t<meta property=\"og:image:type\" content=\"image\/jpeg\" \/>\n<meta name=\"author\" content=\"Som Connexi\u00f3\" \/>\n<meta name=\"twitter:card\" content=\"summary_large_image\" \/>\n<meta name=\"twitter:label1\" content=\"Escrito por\" \/>\n\t<meta name=\"twitter:data1\" content=\"Som Connexi\u00f3\" \/>\n\t<meta name=\"twitter:label2\" content=\"Tiempo de lectura\" \/>\n\t<meta name=\"twitter:data2\" content=\"7 minutos\" \/>\n<script type=\"application\/ld+json\" class=\"yoast-schema-graph\">{\"@context\":\"https:\/\/schema.org\",\"@graph\":[{\"@type\":\"WebPage\",\"@id\":\"https:\/\/somconnexio.coop\/es\/sostenibilidad\/reparar-los-aparatos-para-reducir-el-impacto-de-la-basura-electronica\/\",\"url\":\"https:\/\/somconnexio.coop\/es\/sostenibilidad\/reparar-los-aparatos-para-reducir-el-impacto-de-la-basura-electronica\/\",\"name\":\"Reparar los aparatos para reducir el impacto de la basura electr\u00f3nica - Somos Conexi\u00f3n\",\"isPartOf\":{\"@id\":\"https:\/\/somconnexio.coop\/#website\"},\"primaryImageOfPage\":{\"@id\":\"https:\/\/somconnexio.coop\/es\/sostenibilidad\/reparar-los-aparatos-para-reducir-el-impacto-de-la-basura-electronica\/#primaryimage\"},\"image\":{\"@id\":\"https:\/\/somconnexio.coop\/es\/sostenibilidad\/reparar-los-aparatos-para-reducir-el-impacto-de-la-basura-electronica\/#primaryimage\"},\"thumbnailUrl\":\"https:\/\/somconnexio.coop\/wp-content\/uploads\/2025\/03\/SomConnexio_postReparacioMobils_blocCAT.jpg\",\"datePublished\":\"2025-03-04T13:12:46+00:00\",\"dateModified\":\"2025-08-12T09:54:11+00:00\",\"author\":{\"@id\":\"https:\/\/somconnexio.coop\/#\/schema\/person\/630d418ae875e664d5aff0d4c2917af7\"},\"breadcrumb\":{\"@id\":\"https:\/\/somconnexio.coop\/es\/sostenibilidad\/reparar-los-aparatos-para-reducir-el-impacto-de-la-basura-electronica\/#breadcrumb\"},\"inLanguage\":\"es\",\"potentialAction\":[{\"@type\":\"ReadAction\",\"target\":[\"https:\/\/somconnexio.coop\/es\/sostenibilidad\/reparar-los-aparatos-para-reducir-el-impacto-de-la-basura-electronica\/\"]}]},{\"@type\":\"ImageObject\",\"inLanguage\":\"es\",\"@id\":\"https:\/\/somconnexio.coop\/es\/sostenibilidad\/reparar-los-aparatos-para-reducir-el-impacto-de-la-basura-electronica\/#primaryimage\",\"url\":\"https:\/\/somconnexio.coop\/wp-content\/uploads\/2025\/03\/SomConnexio_postReparacioMobils_blocCAT.jpg\",\"contentUrl\":\"https:\/\/somconnexio.coop\/wp-content\/uploads\/2025\/03\/SomConnexio_postReparacioMobils_blocCAT.jpg\",\"width\":2250,\"height\":1177,\"caption\":\"Restarters BCN\"},{\"@type\":\"BreadcrumbList\",\"@id\":\"https:\/\/somconnexio.coop\/es\/sostenibilidad\/reparar-los-aparatos-para-reducir-el-impacto-de-la-basura-electronica\/#breadcrumb\",\"itemListElement\":[{\"@type\":\"ListItem\",\"position\":1,\"name\":\"Portada\",\"item\":\"https:\/\/somconnexio.coop\/es\/\"},{\"@type\":\"ListItem\",\"position\":2,\"name\":\"Reparar los aparatos para reducir el impacto de la basura electr\u00f3nica\"}]},{\"@type\":\"WebSite\",\"@id\":\"https:\/\/somconnexio.coop\/#website\",\"url\":\"https:\/\/somconnexio.coop\/\",\"name\":\"Somos Conexi\u00f3n\",\"description\":\"la 1a cooperativa de telefon\u00eda e internet\",\"potentialAction\":[{\"@type\":\"SearchAction\",\"target\":{\"@type\":\"EntryPoint\",\"urlTemplate\":\"https:\/\/somconnexio.coop\/?s={search_term_string}\"},\"query-input\":{\"@type\":\"PropertyValueSpecification\",\"valueRequired\":true,\"valueName\":\"search_term_string\"}}],\"inLanguage\":\"es\"},{\"@type\":\"Person\",\"@id\":\"https:\/\/somconnexio.coop\/#\/schema\/person\/630d418ae875e664d5aff0d4c2917af7\",\"name\":\"Som Connexi\u00f3\",\"url\":\"https:\/\/somconnexio.coop\/es\/author\/somconnexio\/\"}]}<\/script>\n<!-- \/ Yoast SEO plugin. -->","yoast_head_json":{"title":"Reparar los aparatos para reducir el impacto de la basura electr\u00f3nica - Somos Conexi\u00f3n","robots":{"index":"index","follow":"follow","max-snippet":"max-snippet:-1","max-image-preview":"max-image-preview:large","max-video-preview":"max-video-preview:-1"},"canonical":"https:\/\/somconnexio.coop\/es\/sostenibilidad\/reparar-los-aparatos-para-reducir-el-impacto-de-la-basura-electronica\/","og_locale":"es_ES","og_type":"article","og_title":"Reparar los aparatos para reducir el impacto de la basura electr\u00f3nica - Somos Conexi\u00f3n","og_description":"Los residuos que generan los aparatos electr\u00f3nicos crecen cinco veces m\u00e1s r\u00e1pido que la cantidad que se recicla. As\u00ed lo refleja el \u00faltimo estudio del Instituto de las Naciones Unidas para la Formaci\u00f3n y la Investigaci\u00f3n (Unitar) sobre el impacto mundial de los residuos que generan los dispositivos electr\u00f3nicos. La idea predominante de que comprar [&hellip;]","og_url":"https:\/\/somconnexio.coop\/es\/sostenibilidad\/reparar-los-aparatos-para-reducir-el-impacto-de-la-basura-electronica\/","og_site_name":"Somos Conexi\u00f3n","article_published_time":"2025-03-04T13:12:46+00:00","article_modified_time":"2025-08-12T09:54:11+00:00","og_image":[{"width":2250,"height":1177,"url":"https:\/\/somconnexio.coop\/wp-content\/uploads\/2025\/03\/SomConnexio_postReparacioMobils_blocCAT.jpg","type":"image\/jpeg"}],"author":"Som Connexi\u00f3","twitter_card":"summary_large_image","twitter_misc":{"Escrito por":"Som Connexi\u00f3","Tiempo de lectura":"7 minutos"},"schema":{"@context":"https:\/\/schema.org","@graph":[{"@type":"WebPage","@id":"https:\/\/somconnexio.coop\/es\/sostenibilidad\/reparar-los-aparatos-para-reducir-el-impacto-de-la-basura-electronica\/","url":"https:\/\/somconnexio.coop\/es\/sostenibilidad\/reparar-los-aparatos-para-reducir-el-impacto-de-la-basura-electronica\/","name":"Reparar los aparatos para reducir el impacto de la basura electr\u00f3nica - Somos Conexi\u00f3n","isPartOf":{"@id":"https:\/\/somconnexio.coop\/#website"},"primaryImageOfPage":{"@id":"https:\/\/somconnexio.coop\/es\/sostenibilidad\/reparar-los-aparatos-para-reducir-el-impacto-de-la-basura-electronica\/#primaryimage"},"image":{"@id":"https:\/\/somconnexio.coop\/es\/sostenibilidad\/reparar-los-aparatos-para-reducir-el-impacto-de-la-basura-electronica\/#primaryimage"},"thumbnailUrl":"https:\/\/somconnexio.coop\/wp-content\/uploads\/2025\/03\/SomConnexio_postReparacioMobils_blocCAT.jpg","datePublished":"2025-03-04T13:12:46+00:00","dateModified":"2025-08-12T09:54:11+00:00","author":{"@id":"https:\/\/somconnexio.coop\/#\/schema\/person\/630d418ae875e664d5aff0d4c2917af7"},"breadcrumb":{"@id":"https:\/\/somconnexio.coop\/es\/sostenibilidad\/reparar-los-aparatos-para-reducir-el-impacto-de-la-basura-electronica\/#breadcrumb"},"inLanguage":"es","potentialAction":[{"@type":"ReadAction","target":["https:\/\/somconnexio.coop\/es\/sostenibilidad\/reparar-los-aparatos-para-reducir-el-impacto-de-la-basura-electronica\/"]}]},{"@type":"ImageObject","inLanguage":"es","@id":"https:\/\/somconnexio.coop\/es\/sostenibilidad\/reparar-los-aparatos-para-reducir-el-impacto-de-la-basura-electronica\/#primaryimage","url":"https:\/\/somconnexio.coop\/wp-content\/uploads\/2025\/03\/SomConnexio_postReparacioMobils_blocCAT.jpg","contentUrl":"https:\/\/somconnexio.coop\/wp-content\/uploads\/2025\/03\/SomConnexio_postReparacioMobils_blocCAT.jpg","width":2250,"height":1177,"caption":"Restarters BCN"},{"@type":"BreadcrumbList","@id":"https:\/\/somconnexio.coop\/es\/sostenibilidad\/reparar-los-aparatos-para-reducir-el-impacto-de-la-basura-electronica\/#breadcrumb","itemListElement":[{"@type":"ListItem","position":1,"name":"Portada","item":"https:\/\/somconnexio.coop\/es\/"},{"@type":"ListItem","position":2,"name":"Reparar los aparatos para reducir el impacto de la basura electr\u00f3nica"}]},{"@type":"WebSite","@id":"https:\/\/somconnexio.coop\/#website","url":"https:\/\/somconnexio.coop\/","name":"Somos Conexi\u00f3n","description":"la 1a cooperativa de telefon\u00eda e internet","potentialAction":[{"@type":"SearchAction","target":{"@type":"EntryPoint","urlTemplate":"https:\/\/somconnexio.coop\/?s={search_term_string}"},"query-input":{"@type":"PropertyValueSpecification","valueRequired":true,"valueName":"search_term_string"}}],"inLanguage":"es"},{"@type":"Person","@id":"https:\/\/somconnexio.coop\/#\/schema\/person\/630d418ae875e664d5aff0d4c2917af7","name":"Som Connexi\u00f3","url":"https:\/\/somconnexio.coop\/es\/author\/somconnexio\/"}]}},"_links":{"self":[{"href":"https:\/\/somconnexio.coop\/es\/wp-json\/wp\/v2\/posts\/25112","targetHints":{"allow":["GET"]}}],"collection":[{"href":"https:\/\/somconnexio.coop\/es\/wp-json\/wp\/v2\/posts"}],"about":[{"href":"https:\/\/somconnexio.coop\/es\/wp-json\/wp\/v2\/types\/post"}],"author":[{"embeddable":true,"href":"https:\/\/somconnexio.coop\/es\/wp-json\/wp\/v2\/users\/1"}],"replies":[{"embeddable":true,"href":"https:\/\/somconnexio.coop\/es\/wp-json\/wp\/v2\/comments?post=25112"}],"version-history":[{"count":5,"href":"https:\/\/somconnexio.coop\/es\/wp-json\/wp\/v2\/posts\/25112\/revisions"}],"predecessor-version":[{"id":27058,"href":"https:\/\/somconnexio.coop\/es\/wp-json\/wp\/v2\/posts\/25112\/revisions\/27058"}],"wp:featuredmedia":[{"embeddable":true,"href":"https:\/\/somconnexio.coop\/es\/wp-json\/wp\/v2\/media\/25110"}],"wp:attachment":[{"href":"https:\/\/somconnexio.coop\/es\/wp-json\/wp\/v2\/media?parent=25112"}],"wp:term":[{"taxonomy":"category","embeddable":true,"href":"https:\/\/somconnexio.coop\/es\/wp-json\/wp\/v2\/categories?post=25112"},{"taxonomy":"post_tag","embeddable":true,"href":"https:\/\/somconnexio.coop\/es\/wp-json\/wp\/v2\/tags?post=25112"}],"curies":[{"name":"wp","href":"https:\/\/api.w.org\/{rel}","templated":true}]}}