  {"id":25141,"date":"2025-03-07T13:02:11","date_gmt":"2025-03-07T12:02:11","guid":{"rendered":"https:\/\/somconnexio.coop\/?p=25141"},"modified":"2025-03-07T14:46:10","modified_gmt":"2025-03-07T13:46:10","slug":"apuntate-a-los-talleres-sumate-al-reto-sin-movil-en-familia","status":"publish","type":"post","link":"https:\/\/somconnexio.coop\/es\/educacion\/apuntate-a-los-talleres-sumate-al-reto-sin-movil-en-familia\/","title":{"rendered":"Ap\u00fantate a los talleres. \u00a1S\u00famate al reto sin m\u00f3vil en familia!"},"content":{"rendered":"\n<p>La mayor\u00eda de las familias con adolescentes viven, hoy en d\u00eda, preocupadas por como acompa\u00f1ar o revisar el uso que hacen de los&nbsp;<em>smartphones<\/em>, sus hijos o hijas. Hace unos a\u00f1os, en nuestra primera gu\u00eda pedag\u00f3gica, os plante\u00e1bamos como incorporar el uso del primer m\u00f3vil de una forma progresiva. Ahora, a trav\u00e9s de nuestra \u00faltima gu\u00eda <em style=\"font-weight: bold;\"><a href=\"Reto: sin m\u00f3vil para familias\">Reto: <\/a><\/em><strong><a href=\"Reto: sin m\u00f3vil para familias\"><em>sin m\u00f3vil para familias<\/em>,<\/a><\/strong> damos un paso m\u00e1s all\u00e1 y, os proponemos un desaf\u00edo: hacer un&nbsp;<em>reset&nbsp;<\/em>en la relaci\u00f3n con los m\u00f3viles, toda la familia a la vez.<\/p>\n\n\n\n<p>Tanto si ya conoc\u00e9is la gu\u00eda reto sin m\u00f3vil, pero no sab\u00e9is c\u00f3mo introducir la propuesta en vuestra casa\u2026 como si no la conoc\u00e9is, y quer\u00e9is acercaros por primera vez, ten\u00e9is dudas de como llevarla t\u00e9rmino, o bien os apetece compartir inquietudes con otras familias\u2026 \u00a1tenemos una propuesta para vosotras!<\/p>\n\n\n\n<p>El <strong>3 de abril de 18:30h&nbsp;a 19:30h<\/strong>, realizaremos un taller para profundizar en el contenido del reto sin m\u00f3vil, con el objetivo de explicaros c\u00f3mo llevarlo a cabo.&nbsp;<\/p>\n\n\n\n<p>Este taller, as\u00ed como el resto de materiales y contenidos que hemos ido creando y que abordan el uso de pantallas en la infancia y adolescencia forman parte del proyecto de impacto social <strong><a href=\"https:\/\/somconnexio.coop\/es\/infancia-y-pantallas\/\">Crecer en un mundo de pantallas<\/a><\/strong> que ha ido tomando forma dentro de la cooperativa.<\/p>\n\n\n\n<h2 class=\"wp-block-heading\">Reto: sin m\u00f3vil. Una propuesta de&nbsp;detox&nbsp;digital en familia<\/h2>\n\n\n\n<p>El \u201cReto sin m\u00f3vil para familias\u201d, pone el foco en la adolescencia, y se basa en el <strong><strong><em><a href=\"https:\/\/somconnexio.coop\/es\/educacion\/una-semana-sin-smartphone-adolescentes-aceptan-el-reto\/\">No&nbsp;Phone&nbsp;Challenge<\/a><\/em><\/strong><\/strong>&nbsp;llevado a cabo por el profesor de instituto del Pa\u00eds Vasco,&nbsp;Telmo&nbsp;Lazkano, con sus alumnos de 4.\u00ba curso de la ESO.<\/p>\n\n\n\n<p>Es un recurso eminentemente pr\u00e1ctico a trav\u00e9s del cual, como familia, os har\u00e9is preguntas y reflexionar\u00e9is entorno a vuestra relaci\u00f3n con los m\u00f3viles, y como estos est\u00e1n afectando a vuestras vidas.<\/p>\n\n\n\n<p>A trav\u00e9s de pautas y actividades para investigar en el hecho individual y a la vez poner la mirada en lo que es estructural y social, os acompa\u00f1aremos a llegar a algunas conclusiones conjuntas. Y as\u00ed, hacer el \u201cclic\u201d: que la voluntad de hacer cambios en el uso que hac\u00e9is del m\u00f3vil surja de todas las personas que integr\u00e1is la familia.<\/p>\n\n\n\n<p>A partir de aqu\u00ed, os proponemos el gran reto: \u00a1pasar unos d\u00edas sin m\u00f3vil! Pero no os dejaremos a la deriva en esta aventura, puesto que en la gu\u00eda os ayudamos a:<\/p>\n\n\n\n<ul class=\"wp-block-list\">\n<li>Establecer unos acuerdos previos<\/li>\n\n\n\n<li>Encontrar recursos alternativos al m\u00f3vil y las pantallas<\/li>\n\n\n\n<li>Ofreceros consejos para abordar las dificultades, si las ten\u00e9is<\/li>\n\n\n\n<li>Pod\u00e9is consultar m\u00e1s informaci\u00f3n, <a href=\"https:\/\/somconnexio.coop\/es\/educacion\/llega-el-reto-sin-movil-para-familias\/\">aqu\u00ed<\/a><\/li>\n<\/ul>\n\n\n\n<h2 class=\"wp-block-heading\">Descripci\u00f3n de los talleres<\/h2>\n\n\n\n<p>Los talleres est\u00e1n pensados c\u00f3mo espacios de reflexi\u00f3n y di\u00e1logo, donde compartir experiencias, preocupaciones y dudas sobre la etapa adolescente y los h\u00e1bitos digitales con los dispositivos m\u00f3viles.<\/p>\n\n\n\n<p>El objetivo final es explorar y dotarnos de estrategias para mejorar el uso en familia y posteriormente, poder iniciar el reto familiar que propone la gu\u00eda.<\/p>\n\n\n\n<p>El taller ser\u00e1 conducido por <strong>Merc\u00e8 Botella, psic\u00f3loga social y autora de la gu\u00eda<\/strong> y por la entidad <a href=\"https:\/\/www.cafeisocialmedia.cat\/\"><strong>Caf\u00e9 y Social Media<\/strong>,<\/a> que trabaja en este \u00e1mbito, y con quien tenemos un acuerdo de intercooperaci\u00f3n.<\/p>\n\n\n\n<ul class=\"wp-block-list\">\n<li><strong>\u00bfA qui\u00e9n va dirigido?<\/strong> Adultos del n\u00facleo familiar de familias con adolescentes que quieran mejorar su relaci\u00f3n con el m\u00f3vil. Tambi\u00e9n para docentes y miembros de la comunidad educativa que quieran hacer suya o adaptar la propuesta al contexto del aula.<\/li>\n\n\n\n<li><strong>Duraci\u00f3n<\/strong>: 1\u202fh&nbsp;<\/li>\n\n\n\n<li><strong>Formato<\/strong>: Online<\/li>\n\n\n\n<li>Puedes descargar previamente la gu\u00eda \u00abReto: sin m\u00f3vil en familia\u00bb <strong><a href=\"https:\/\/somconnexio.coop\/wp-content\/uploads\/2025\/03\/SomConnexio_GuiaDetox_esp-3-2.pdf\">aqu\u00ed.<\/a><\/strong><\/li>\n<\/ul>\n\n\n\n<h2 class=\"wp-block-heading\">\u00a1Inscr\u00edbete!<\/h2>\n\n\n\n<p>Taller 3 de abril de 18:30h a 19:30h: <\/p>\n\n\n\n<div class=\"wp-block-buttons is-layout-flex wp-block-buttons-is-layout-flex\">\n<div class=\"wp-block-button\"><a class=\"wp-block-button__link has-text-align-center wp-element-button\" href=\"https:\/\/www.eventbrite.es\/e\/entradas-taller-digital-reto-sin-movil-para-familias-1254333026849?aff=oddtdtcreator\">Inscr\u00edbete<\/a><\/div>\n<\/div>\n\n\n\n<p><strong>\u00a1Importante! La reserva de plazas para el taller estar\u00e1 disponible a partir del 14 de marzo.<\/strong><\/p>\n\n\n\n<p>\u00a1Te esperamos! \u00a1S\u00famate al reto sin m\u00f3vil!<\/p>\n\n\n\n<p><\/p>\n\n\n\n<ul class=\"wp-block-list\">\n<li>\u00bfNo eres usuaria de la cooperativa y quieres recibir los art\u00edculos y recursos sobre infancia y pantallas? D\u00e9janos tu correo electr\u00f3nico <a href=\"https:\/\/limesurvey.somconnexio.coop\/index.php\/325616?lang=es\"><strong>aqu\u00ed<\/strong><\/a> y te enviaremos el bolet\u00edn trimestral.<\/li>\n\n\n\n<li>Si quieres hacer cualquier correcci\u00f3n o aportaci\u00f3n a este art\u00edculo o si tienes cualquier consulta sobre la gu\u00eda, por favor, escr\u00edbenos a educa@somosconexion.coop.<\/li>\n<\/ul>\n\n\n<h3 class=\"crp-list-title\">Quiz\u00e1s te interesa&#8230;<\/h3><div class=\"crp-list\"><div class=\"crp-list-item crp-list-item-image-above crp-list-item-has-image\"><div class=\"crp-list-item-image\"><a href=\"https:\/\/somconnexio.coop\/es\/educacion\/crecer-en-un-mundo-de-pantallas\/\"><img loading=\"lazy\" decoding=\"async\" data-pin-nopin=\"true\" style=\"max-width: 1280px; height: auto;\" width=\"1280\" height=\"670\" src=\"https:\/\/somconnexio.coop\/wp-content\/uploads\/2024\/11\/creixer_entre_pantalles.jpg\" class=\"attachment- size- wp-post-image\" alt=\"creixer entre pantalles\" srcset=\"https:\/\/somconnexio.coop\/wp-content\/uploads\/2024\/11\/creixer_entre_pantalles.jpg 1280w, https:\/\/somconnexio.coop\/wp-content\/uploads\/2024\/11\/creixer_entre_pantalles-300x157.jpg 300w, https:\/\/somconnexio.coop\/wp-content\/uploads\/2024\/11\/creixer_entre_pantalles-1024x536.jpg 1024w, https:\/\/somconnexio.coop\/wp-content\/uploads\/2024\/11\/creixer_entre_pantalles-768x402.jpg 768w\" sizes=\"auto, (max-width: 1280px) 100vw, 1280px\" \/><\/a><\/div><div class=\"crp-list-item-title\"><a href=\"https:\/\/somconnexio.coop\/es\/educacion\/crecer-en-un-mundo-de-pantallas\/\">Crecer en un mundo de pantallas<\/a><\/div><\/div><div class=\"crp-list-item crp-list-item-image-above crp-list-item-has-image\"><div class=\"crp-list-item-image\"><a href=\"https:\/\/somconnexio.coop\/es\/seguridad-en-la-red\/seguridad-y-reputacion-digital-en-juego\/\"><img loading=\"lazy\" decoding=\"async\" data-pin-nopin=\"true\" style=\"max-width: 1500px; height: auto;\" width=\"1500\" height=\"786\" src=\"https:\/\/somconnexio.coop\/wp-content\/uploads\/2024\/07\/sc_07-2024_huella-digital_blog_cast-2.jpg\" class=\"attachment- size- wp-post-image\" alt=\"huella digital\" srcset=\"https:\/\/somconnexio.coop\/wp-content\/uploads\/2024\/07\/sc_07-2024_huella-digital_blog_cast-2.jpg 1500w, https:\/\/somconnexio.coop\/wp-content\/uploads\/2024\/07\/sc_07-2024_huella-digital_blog_cast-2-300x157.jpg 300w, https:\/\/somconnexio.coop\/wp-content\/uploads\/2024\/07\/sc_07-2024_huella-digital_blog_cast-2-1024x537.jpg 1024w, https:\/\/somconnexio.coop\/wp-content\/uploads\/2024\/07\/sc_07-2024_huella-digital_blog_cast-2-768x402.jpg 768w\" sizes=\"auto, (max-width: 1500px) 100vw, 1500px\" \/><\/a><\/div><div class=\"crp-list-item-title\"><a href=\"https:\/\/somconnexio.coop\/es\/seguridad-en-la-red\/seguridad-y-reputacion-digital-en-juego\/\">Seguridad y reputaci\u00f3n digital en juego<\/a><\/div><\/div><\/div>","protected":false},"excerpt":{"rendered":"<p>La mayor\u00eda de las familias con adolescentes viven, hoy en d\u00eda, preocupadas por como acompa\u00f1ar o revisar el uso que hacen de los&nbsp;smartphones, sus hijos o hijas. Hace unos a\u00f1os, en nuestra primera gu\u00eda pedag\u00f3gica, os plante\u00e1bamos como incorporar el uso del primer m\u00f3vil de una forma progresiva. Ahora, a trav\u00e9s de nuestra \u00faltima gu\u00eda [&hellip;]<\/p>\n","protected":false},"author":1,"featured_media":25143,"comment_status":"closed","ping_status":"closed","sticky":false,"template":"","format":"standard","meta":{"footnotes":"[]"},"categories":[268],"tags":[],"class_list":["post-25141","post","type-post","status-publish","format-standard","has-post-thumbnail","hentry","category-educacion"],"yoast_head":"<!-- This site is optimized with the Yoast SEO plugin v25.1 - https:\/\/yoast.com\/wordpress\/plugins\/seo\/ -->\n<title>Ap\u00fantate a los talleres. \u00a1S\u00famate al reto sin m\u00f3vil en familia! - Somos Conexi\u00f3n<\/title>\n<meta name=\"robots\" content=\"index, follow, max-snippet:-1, max-image-preview:large, max-video-preview:-1\" \/>\n<link rel=\"canonical\" href=\"https:\/\/somconnexio.coop\/es\/educacion\/apuntate-a-los-talleres-sumate-al-reto-sin-movil-en-familia\/\" \/>\n<meta property=\"og:locale\" content=\"es_ES\" \/>\n<meta property=\"og:type\" content=\"article\" \/>\n<meta property=\"og:title\" content=\"Ap\u00fantate a los talleres. \u00a1S\u00famate al reto sin m\u00f3vil en familia! - Somos Conexi\u00f3n\" \/>\n<meta property=\"og:description\" content=\"La mayor\u00eda de las familias con adolescentes viven, hoy en d\u00eda, preocupadas por como acompa\u00f1ar o revisar el uso que hacen de los&nbsp;smartphones, sus hijos o hijas. Hace unos a\u00f1os, en nuestra primera gu\u00eda pedag\u00f3gica, os plante\u00e1bamos como incorporar el uso del primer m\u00f3vil de una forma progresiva. Ahora, a trav\u00e9s de nuestra \u00faltima gu\u00eda [&hellip;]\" \/>\n<meta property=\"og:url\" content=\"https:\/\/somconnexio.coop\/es\/educacion\/apuntate-a-los-talleres-sumate-al-reto-sin-movil-en-familia\/\" \/>\n<meta property=\"og:site_name\" content=\"Somos Conexi\u00f3n\" \/>\n<meta property=\"article:published_time\" content=\"2025-03-07T12:02:11+00:00\" \/>\n<meta property=\"article:modified_time\" content=\"2025-03-07T13:46:10+00:00\" \/>\n<meta property=\"og:image\" content=\"https:\/\/somconnexio.coop\/wp-content\/uploads\/2025\/03\/SomConnexio_posts_ApuntatTallerRepte_BlogESP.jpg\" \/>\n\t<meta property=\"og:image:width\" content=\"2250\" \/>\n\t<meta property=\"og:image:height\" content=\"1177\" \/>\n\t<meta property=\"og:image:type\" content=\"image\/jpeg\" \/>\n<meta name=\"author\" content=\"Som Connexi\u00f3\" \/>\n<meta name=\"twitter:card\" content=\"summary_large_image\" \/>\n<meta name=\"twitter:label1\" content=\"Escrito por\" \/>\n\t<meta name=\"twitter:data1\" content=\"Som Connexi\u00f3\" \/>\n\t<meta name=\"twitter:label2\" content=\"Tiempo de lectura\" \/>\n\t<meta name=\"twitter:data2\" content=\"4 minutos\" \/>\n<script type=\"application\/ld+json\" class=\"yoast-schema-graph\">{\"@context\":\"https:\/\/schema.org\",\"@graph\":[{\"@type\":\"WebPage\",\"@id\":\"https:\/\/somconnexio.coop\/es\/educacion\/apuntate-a-los-talleres-sumate-al-reto-sin-movil-en-familia\/\",\"url\":\"https:\/\/somconnexio.coop\/es\/educacion\/apuntate-a-los-talleres-sumate-al-reto-sin-movil-en-familia\/\",\"name\":\"Ap\u00fantate a los talleres. \u00a1S\u00famate al reto sin m\u00f3vil en familia! - Somos Conexi\u00f3n\",\"isPartOf\":{\"@id\":\"https:\/\/somconnexio.coop\/#website\"},\"primaryImageOfPage\":{\"@id\":\"https:\/\/somconnexio.coop\/es\/educacion\/apuntate-a-los-talleres-sumate-al-reto-sin-movil-en-familia\/#primaryimage\"},\"image\":{\"@id\":\"https:\/\/somconnexio.coop\/es\/educacion\/apuntate-a-los-talleres-sumate-al-reto-sin-movil-en-familia\/#primaryimage\"},\"thumbnailUrl\":\"https:\/\/somconnexio.coop\/wp-content\/uploads\/2025\/03\/SomConnexio_posts_ApuntatTallerRepte_BlogESP.jpg\",\"datePublished\":\"2025-03-07T12:02:11+00:00\",\"dateModified\":\"2025-03-07T13:46:10+00:00\",\"author\":{\"@id\":\"https:\/\/somconnexio.coop\/#\/schema\/person\/630d418ae875e664d5aff0d4c2917af7\"},\"breadcrumb\":{\"@id\":\"https:\/\/somconnexio.coop\/es\/educacion\/apuntate-a-los-talleres-sumate-al-reto-sin-movil-en-familia\/#breadcrumb\"},\"inLanguage\":\"es\",\"potentialAction\":[{\"@type\":\"ReadAction\",\"target\":[\"https:\/\/somconnexio.coop\/es\/educacion\/apuntate-a-los-talleres-sumate-al-reto-sin-movil-en-familia\/\"]}]},{\"@type\":\"ImageObject\",\"inLanguage\":\"es\",\"@id\":\"https:\/\/somconnexio.coop\/es\/educacion\/apuntate-a-los-talleres-sumate-al-reto-sin-movil-en-familia\/#primaryimage\",\"url\":\"https:\/\/somconnexio.coop\/wp-content\/uploads\/2025\/03\/SomConnexio_posts_ApuntatTallerRepte_BlogESP.jpg\",\"contentUrl\":\"https:\/\/somconnexio.coop\/wp-content\/uploads\/2025\/03\/SomConnexio_posts_ApuntatTallerRepte_BlogESP.jpg\",\"width\":2250,\"height\":1177,\"caption\":\"talleres reto sinm\u00f3vil\"},{\"@type\":\"BreadcrumbList\",\"@id\":\"https:\/\/somconnexio.coop\/es\/educacion\/apuntate-a-los-talleres-sumate-al-reto-sin-movil-en-familia\/#breadcrumb\",\"itemListElement\":[{\"@type\":\"ListItem\",\"position\":1,\"name\":\"Portada\",\"item\":\"https:\/\/somconnexio.coop\/es\/\"},{\"@type\":\"ListItem\",\"position\":2,\"name\":\"Ap\u00fantate a los talleres. \u00a1S\u00famate al reto sin m\u00f3vil en familia!\"}]},{\"@type\":\"WebSite\",\"@id\":\"https:\/\/somconnexio.coop\/#website\",\"url\":\"https:\/\/somconnexio.coop\/\",\"name\":\"Somos Conexi\u00f3n\",\"description\":\"la 1a cooperativa de telefon\u00eda e internet\",\"potentialAction\":[{\"@type\":\"SearchAction\",\"target\":{\"@type\":\"EntryPoint\",\"urlTemplate\":\"https:\/\/somconnexio.coop\/?s={search_term_string}\"},\"query-input\":{\"@type\":\"PropertyValueSpecification\",\"valueRequired\":true,\"valueName\":\"search_term_string\"}}],\"inLanguage\":\"es\"},{\"@type\":\"Person\",\"@id\":\"https:\/\/somconnexio.coop\/#\/schema\/person\/630d418ae875e664d5aff0d4c2917af7\",\"name\":\"Som Connexi\u00f3\",\"url\":\"https:\/\/somconnexio.coop\/es\/author\/somconnexio\/\"}]}<\/script>\n<!-- \/ Yoast SEO plugin. -->","yoast_head_json":{"title":"Ap\u00fantate a los talleres. \u00a1S\u00famate al reto sin m\u00f3vil en familia! - Somos Conexi\u00f3n","robots":{"index":"index","follow":"follow","max-snippet":"max-snippet:-1","max-image-preview":"max-image-preview:large","max-video-preview":"max-video-preview:-1"},"canonical":"https:\/\/somconnexio.coop\/es\/educacion\/apuntate-a-los-talleres-sumate-al-reto-sin-movil-en-familia\/","og_locale":"es_ES","og_type":"article","og_title":"Ap\u00fantate a los talleres. \u00a1S\u00famate al reto sin m\u00f3vil en familia! - Somos Conexi\u00f3n","og_description":"La mayor\u00eda de las familias con adolescentes viven, hoy en d\u00eda, preocupadas por como acompa\u00f1ar o revisar el uso que hacen de los&nbsp;smartphones, sus hijos o hijas. Hace unos a\u00f1os, en nuestra primera gu\u00eda pedag\u00f3gica, os plante\u00e1bamos como incorporar el uso del primer m\u00f3vil de una forma progresiva. Ahora, a trav\u00e9s de nuestra \u00faltima gu\u00eda [&hellip;]","og_url":"https:\/\/somconnexio.coop\/es\/educacion\/apuntate-a-los-talleres-sumate-al-reto-sin-movil-en-familia\/","og_site_name":"Somos Conexi\u00f3n","article_published_time":"2025-03-07T12:02:11+00:00","article_modified_time":"2025-03-07T13:46:10+00:00","og_image":[{"width":2250,"height":1177,"url":"https:\/\/somconnexio.coop\/wp-content\/uploads\/2025\/03\/SomConnexio_posts_ApuntatTallerRepte_BlogESP.jpg","type":"image\/jpeg"}],"author":"Som Connexi\u00f3","twitter_card":"summary_large_image","twitter_misc":{"Escrito por":"Som Connexi\u00f3","Tiempo de lectura":"4 minutos"},"schema":{"@context":"https:\/\/schema.org","@graph":[{"@type":"WebPage","@id":"https:\/\/somconnexio.coop\/es\/educacion\/apuntate-a-los-talleres-sumate-al-reto-sin-movil-en-familia\/","url":"https:\/\/somconnexio.coop\/es\/educacion\/apuntate-a-los-talleres-sumate-al-reto-sin-movil-en-familia\/","name":"Ap\u00fantate a los talleres. \u00a1S\u00famate al reto sin m\u00f3vil en familia! - Somos Conexi\u00f3n","isPartOf":{"@id":"https:\/\/somconnexio.coop\/#website"},"primaryImageOfPage":{"@id":"https:\/\/somconnexio.coop\/es\/educacion\/apuntate-a-los-talleres-sumate-al-reto-sin-movil-en-familia\/#primaryimage"},"image":{"@id":"https:\/\/somconnexio.coop\/es\/educacion\/apuntate-a-los-talleres-sumate-al-reto-sin-movil-en-familia\/#primaryimage"},"thumbnailUrl":"https:\/\/somconnexio.coop\/wp-content\/uploads\/2025\/03\/SomConnexio_posts_ApuntatTallerRepte_BlogESP.jpg","datePublished":"2025-03-07T12:02:11+00:00","dateModified":"2025-03-07T13:46:10+00:00","author":{"@id":"https:\/\/somconnexio.coop\/#\/schema\/person\/630d418ae875e664d5aff0d4c2917af7"},"breadcrumb":{"@id":"https:\/\/somconnexio.coop\/es\/educacion\/apuntate-a-los-talleres-sumate-al-reto-sin-movil-en-familia\/#breadcrumb"},"inLanguage":"es","potentialAction":[{"@type":"ReadAction","target":["https:\/\/somconnexio.coop\/es\/educacion\/apuntate-a-los-talleres-sumate-al-reto-sin-movil-en-familia\/"]}]},{"@type":"ImageObject","inLanguage":"es","@id":"https:\/\/somconnexio.coop\/es\/educacion\/apuntate-a-los-talleres-sumate-al-reto-sin-movil-en-familia\/#primaryimage","url":"https:\/\/somconnexio.coop\/wp-content\/uploads\/2025\/03\/SomConnexio_posts_ApuntatTallerRepte_BlogESP.jpg","contentUrl":"https:\/\/somconnexio.coop\/wp-content\/uploads\/2025\/03\/SomConnexio_posts_ApuntatTallerRepte_BlogESP.jpg","width":2250,"height":1177,"caption":"talleres reto sinm\u00f3vil"},{"@type":"BreadcrumbList","@id":"https:\/\/somconnexio.coop\/es\/educacion\/apuntate-a-los-talleres-sumate-al-reto-sin-movil-en-familia\/#breadcrumb","itemListElement":[{"@type":"ListItem","position":1,"name":"Portada","item":"https:\/\/somconnexio.coop\/es\/"},{"@type":"ListItem","position":2,"name":"Ap\u00fantate a los talleres. \u00a1S\u00famate al reto sin m\u00f3vil en familia!"}]},{"@type":"WebSite","@id":"https:\/\/somconnexio.coop\/#website","url":"https:\/\/somconnexio.coop\/","name":"Somos Conexi\u00f3n","description":"la 1a cooperativa de telefon\u00eda e internet","potentialAction":[{"@type":"SearchAction","target":{"@type":"EntryPoint","urlTemplate":"https:\/\/somconnexio.coop\/?s={search_term_string}"},"query-input":{"@type":"PropertyValueSpecification","valueRequired":true,"valueName":"search_term_string"}}],"inLanguage":"es"},{"@type":"Person","@id":"https:\/\/somconnexio.coop\/#\/schema\/person\/630d418ae875e664d5aff0d4c2917af7","name":"Som Connexi\u00f3","url":"https:\/\/somconnexio.coop\/es\/author\/somconnexio\/"}]}},"_links":{"self":[{"href":"https:\/\/somconnexio.coop\/es\/wp-json\/wp\/v2\/posts\/25141","targetHints":{"allow":["GET"]}}],"collection":[{"href":"https:\/\/somconnexio.coop\/es\/wp-json\/wp\/v2\/posts"}],"about":[{"href":"https:\/\/somconnexio.coop\/es\/wp-json\/wp\/v2\/types\/post"}],"author":[{"embeddable":true,"href":"https:\/\/somconnexio.coop\/es\/wp-json\/wp\/v2\/users\/1"}],"replies":[{"embeddable":true,"href":"https:\/\/somconnexio.coop\/es\/wp-json\/wp\/v2\/comments?post=25141"}],"version-history":[{"count":19,"href":"https:\/\/somconnexio.coop\/es\/wp-json\/wp\/v2\/posts\/25141\/revisions"}],"predecessor-version":[{"id":25196,"href":"https:\/\/somconnexio.coop\/es\/wp-json\/wp\/v2\/posts\/25141\/revisions\/25196"}],"wp:featuredmedia":[{"embeddable":true,"href":"https:\/\/somconnexio.coop\/es\/wp-json\/wp\/v2\/media\/25143"}],"wp:attachment":[{"href":"https:\/\/somconnexio.coop\/es\/wp-json\/wp\/v2\/media?parent=25141"}],"wp:term":[{"taxonomy":"category","embeddable":true,"href":"https:\/\/somconnexio.coop\/es\/wp-json\/wp\/v2\/categories?post=25141"},{"taxonomy":"post_tag","embeddable":true,"href":"https:\/\/somconnexio.coop\/es\/wp-json\/wp\/v2\/tags?post=25141"}],"curies":[{"name":"wp","href":"https:\/\/api.w.org\/{rel}","templated":true}]}}