  {"id":25253,"date":"2025-03-11T09:33:47","date_gmt":"2025-03-11T08:33:47","guid":{"rendered":"https:\/\/somconnexio.coop\/sin-categorizar\/un-mes-amb-moltes-novetats\/"},"modified":"2025-03-12T09:46:36","modified_gmt":"2025-03-12T08:46:36","slug":"un-mes-con-muchas-novedades","status":"publish","type":"post","link":"https:\/\/somconnexio.coop\/es\/noticias\/un-mes-con-muchas-novedades\/","title":{"rendered":"Un marzo con muchas novedades"},"content":{"rendered":"\n<h3 class=\"wp-block-heading\">Este mes Somos Conexi\u00f3n presenta grandes novedades: bajada de precios y subida de prestaciones, nuevas tarifas, creaci\u00f3n del tarifario para empresas y nueva web<\/h3>\n\n\n\n<p>Despu\u00e9s de muchos meses de trabajo, Somos Conexi\u00f3n presentamos grandes novedades. Hemos decidido impulsar <strong>una revoluci\u00f3n hacia unos productos m\u00e1s atractivos<\/strong> y una forma de mostrarlos m\u00e1s fresca y actual. Las principales novedades son las siguientes:&nbsp;<\/p>\n\n\n\n<ul class=\"wp-block-list\">\n<li class=\"has-large-font-size\">bajamos los precios de la mayor\u00eda de los servicios de fibra y paquetes&nbsp;<\/li>\n\n\n\n<li class=\"has-large-font-size\">a\u00f1adimos nuevas opciones de paquetes sin datos compartidos<\/li>\n\n\n\n<li class=\"has-large-font-size\">a\u00f1adimos nuevas tarifas de m\u00f3vil y eliminamos otras opciones que ya no se podr\u00e1n contratar m\u00e1s (pero que se mantienen para quien ya las tiene contratadas).<\/li>\n\n\n\n<li class=\"has-large-font-size\">creamos el tarifario para empresas, con prestaciones diferenciadas y en d\u00f3nde mostramos los precios sin IVA<\/li>\n\n\n\n<li class=\"has-large-font-size\">estrenamos web, con una imagen m\u00e1s actual y nuevos apartados<\/li>\n<\/ul>\n\n\n\n<p>A continuaci\u00f3n le explicamos c\u00f3mo variar\u00e1 cada una de las tarifas antiguas.<\/p>\n\n\n\n<div style=\"height:50px\" aria-hidden=\"true\" class=\"wp-block-spacer\"><\/div>\n\n\n\n<h3 class=\"wp-block-heading\">Packs fibra + 1 m\u00f3vil: bajamos los precios y subimos los gigas<\/h3>\n\n\n\n<p>Como se observa en la siguiente tabla, este paquete baja entre 4\u20ac y 17\u20ac el precio, y suben 10 gigas los datos del m\u00f3vil, pasando de 20 GB a 30 GB.<\/p>\n\n\n\n<figure class=\"wp-block-table\"><table class=\"has-fixed-layout\"><thead><tr><th><strong>Fibra + 1 m\u00f3vil<\/strong><\/th><th><strong>Se transforma en<\/strong><\/th><th><strong>\u00bfQu\u00e9 ocurre?<\/strong><\/th><\/tr><\/thead><tbody><tr><td>Fibra 300 + M\u00f3vil 20 GB<br><strong>39,50\u20ac<\/strong><\/td><td>Fibra 300 + m\u00f3vil <strong>30 GB<\/strong><br><strong>35,50\u20ac<\/strong><\/td><td>+10 GB para el m\u00f3vil<br>-4 \u20ac el paquete<\/td><\/tr><tr><td>Fibra 300 + fijo + m\u00f3vil 20 GB<br><strong>42,00\u20ac<\/strong><\/td><td>Fibra 300 + fijo + m\u00f3vil <strong>30 GB<\/strong><br><strong>37,00 \u20ac<\/strong><\/td><td>+10 GB para el m\u00f3vil<br>-5 \u20ac el paquete<\/td><\/tr><tr><td>Fibra 600 + fijo + m\u00f3vil 20 GB5<br><strong>1,00 \u20ac<\/strong><\/td><td>Fibra 600 + fijo + m\u00f3vil <strong>30 GB<\/strong><br><strong>38,00 \u20ac<\/strong><\/td><td>+10 GB para el m\u00f3vil<br>-13 \u20ac el paquete<\/td><\/tr><tr><td>Fibra 1GB + fijo + m\u00f3vil 20 GB<br><strong>66,00 \u20ac<\/strong><\/td><td>Fibra 1GB + fijo + m\u00f3vil <strong>30 GB<\/strong><br><strong>49,00 \u20ac<\/strong><\/td><td>+10 GB para el m\u00f3vil<br>-17 \u20ac el paquete<\/td><\/tr><\/tbody><\/table><\/figure>\n\n\n\n<p><\/p>\n\n\n\n<div class=\"wp-block-buttons is-content-justification-center is-layout-flex wp-container-core-buttons-is-layout-a89b3969 wp-block-buttons-is-layout-flex\">\n<div class=\"wp-block-button\"><a class=\"wp-block-button__link wp-element-button\" href=\"https:\/\/somconnexio.coop\/es\/tarifas-internet-movil\/\">Tarifas fibra + m\u00f3vil<\/a><\/div>\n<\/div>\n\n\n\n<div style=\"height:50px\" aria-hidden=\"true\" class=\"wp-block-spacer\"><\/div>\n\n\n\n<h3 class=\"wp-block-heading\">Packs fibra 300 + 2 o 3 m\u00f3viles con compartidas: bajamos los precios y subimos los gigas y la velocidad de la fibra<\/h3>\n\n\n\n<p>En el caso de los paquetes de datos compartidos con fibra 300, la velocidad de fibra pasa a 600 (con una excepci\u00f3n). Tambi\u00e9n se bajan los precios ligeramente y se aumentan en 70 gigas los datos compartidos, pasando de 50 GB a 120 GB.&nbsp;<\/p>\n\n\n\n<figure class=\"wp-block-table\"><table class=\"has-fixed-layout\"><thead><tr><th><strong>Tarifas compartidas:<\/strong> <strong>fibra 300 + 2 o 3 m\u00f3viles<\/strong><\/th><th><strong>Se transforma en<\/strong><\/th><th><strong><strong>\u00bfQu\u00e9 ocurre?<\/strong><\/strong><\/th><\/tr><\/thead><tbody><tr><td>Fibra 300 + 2 m\u00f3viles compartiendo 50 GB<br><strong>46,50\u20ac<\/strong><\/td><td>Fibra 600 + fijo + 2 m\u00f3viles <strong>compartiendo 120 GB<\/strong><br><strong>46,00 \u20ac<\/strong><\/td><td>x2 la velocidad de la fibra&nbsp;<br>+70 GB para el m\u00f3vil<br>-0,5 \u20ac el paquete<\/td><\/tr><tr><td>Fibra 300 + fijo + 2 m\u00f3viles compartiendo 50 GB<br><strong>49,00 \u20ac<\/strong><\/td><td>Fibra 600 + fijo + 2 m\u00f3viles <strong>compartiendo 120 GB<\/strong><br><strong>46,00 \u20ac<\/strong><\/td><td>x2 la velocidad de la fibra&nbsp;<br>+70 GB para el m\u00f3vil<br>-3 \u20ac el paquete<\/td><\/tr><tr><td>Fibra 300 + 3 m\u00f3viles compartiendo 50 GB<br><strong>51,00 \u20ac<\/strong><\/td><td>Ya no se podr\u00e1 contratar pero se mantiene para quien la tiene contratada.*<\/td><td><\/td><\/tr><tr><td>Fibra 300 + fijo + 3 m\u00f3viles compartiendo 50 GB<br><strong>53,50\u20ac<\/strong><\/td><td>Fibra 600 + fijo + 3 m\u00f3viles <strong>compartiendo 120 GB<\/strong><br><strong>52,00\u20ac<\/strong><\/td><td>x2 la velocidad de la fibra&nbsp;<br>+70 GB para el m\u00f3vil<br>-1,5 \u20ac el paquete<\/td><\/tr><\/tbody><\/table><\/figure>\n\n\n\n<pre class=\"wp-block-verse has-main-font-size\"><br><strong>*La excepci\u00f3n:<\/strong> en el caso de la fibra 300 sin fijo con 3 m\u00f3viles compartiendo datos, se ha decidido mantener la tarifa a las personas que ya la ten\u00edan, puesto que pasarlas al paquete de fibra 600 + 3 m\u00f3viles les hubiera encarecido el paquete 1\u20ac (de 51\u20ac a 52\u20ac). Si las personas que tienen este paquete quieren conseguir las nuevas prestaciones (doble velocidad y 70GB m\u00e1s para compartir) por un 1\u20ac m\u00e1s al mes, pueden hacer el cambio de tarifa en la <a href=\"https:\/\/oficinavirtual.somconnexio.coop\/\">Oficina Virtual<\/a>.&nbsp;<\/pre>\n\n\n\n<p><\/p>\n\n\n\n<div style=\"height:20px\" aria-hidden=\"true\" class=\"wp-block-spacer\"><\/div>\n\n\n\n<div class=\"wp-block-buttons is-content-justification-center is-layout-flex wp-container-core-buttons-is-layout-a89b3969 wp-block-buttons-is-layout-flex\">\n<div class=\"wp-block-button is-style-outline is-style-outline--1\"><a class=\"wp-block-button__link wp-element-button\" href=\"https:\/\/somconnexio.coop\/es\/tarifas-internet-movil\/\">Tarifas fibra + m\u00f3vil<\/a><\/div>\n<\/div>\n\n\n\n<div style=\"height:50px\" aria-hidden=\"true\" class=\"wp-block-spacer\"><\/div>\n\n\n\n<h3 class=\"wp-block-heading\">Packs fibra 600 y 1GB + 2 o 3 m\u00f3viles con compartidas: bajamos los precios y subimos los gigas<\/h3>\n\n\n\n<p>En el caso de los paquetes de compartidas con fibra 600 se bajan los precios hasta 16\u20ac y se aumentan en 70 gigas los datos compartidos, pasando de 50 GB a 120 GB.&nbsp;<\/p>\n\n\n\n<figure class=\"wp-block-table\"><table class=\"has-fixed-layout\"><thead><tr><th><strong>Tarifas compartidas (fibra + 2 o 3 m\u00f3viles)<\/strong><\/th><th><strong>Se transforma en<\/strong><\/th><th><strong>\u00bfQu\u00e9 ocurre?<\/strong><\/th><\/tr><\/thead><tbody><tr><td>Fibra 600 + fijo + 2 m\u00f3viles compartiendo 50 GB<br><strong>58,00 \u20ac<\/strong><\/td><td>Fibra 600 + fijo + 2 m\u00f3viles <strong>compartiendo 120 GB<\/strong><br><strong>46,00 \u20ac<\/strong><\/td><td>+70 GB para el m\u00f3vil<br>-12 \u20ac el paquete<\/td><\/tr><tr><td>Fibra 600 + fijo + 3 m\u00f3viles compartiendo 50GB<br><strong>62,50 \u20ac<\/strong><\/td><td>Fibra 600 + fijo + 3 m\u00f3viles <strong>compartiendo 120 GB<\/strong><br><strong>52,00 \u20ac<\/strong><\/td><td>+70 GB para el m\u00f3vil<br>-10,5 \u20ac el paquete<\/td><\/tr><tr><td>Fibra 1 GB + fijo + 2 m\u00f3viles compartiendo 50 GB<br><strong>73,00 \u20ac<\/strong><\/td><td>Fibra 1 GB + fijo + 2 m\u00f3viles <strong>compartiendo 120 GB<\/strong><br><strong>57,00 \u20ac<\/strong><\/td><td>+70GB para el m\u00f3vil<br>-16\u20ac el paquete<\/td><\/tr><tr><td>Fibra 1 GB + fijo + 3 m\u00f3viles compartiendo 50 GB<br><strong>77,50 \u20ac<\/strong><\/td><td>Fibra 1 GB + fijo + 3 m\u00f3viles <strong>compartiendo 120 GB<\/strong><br><strong>63,00 \u20ac<\/strong><\/td><td>+70 GB para el m\u00f3vil<br>-14,5 \u20ac el paquete<\/td><\/tr><\/tbody><\/table><\/figure>\n\n\n\n<p><\/p>\n\n\n\n<div class=\"wp-block-buttons is-content-justification-center is-layout-flex wp-container-core-buttons-is-layout-a89b3969 wp-block-buttons-is-layout-flex\">\n<div class=\"wp-block-button is-style-outline is-style-outline--2\"><a class=\"wp-block-button__link wp-element-button\" href=\"https:\/\/somconnexio.coop\/es\/tarifas-internet-movil\/\">Tarifas fibra + m\u00f3vil<\/a><\/div>\n<\/div>\n\n\n\n<div style=\"height:50px\" aria-hidden=\"true\" class=\"wp-block-spacer\"><\/div>\n\n\n\n<h3 class=\"wp-block-heading\">Nuevos packs fibra 300 con 2 y 3 m\u00f3viles con 30 GB (sin compartir datos)<\/h3>\n\n\n\n<p>Adem\u00e1s de los cambios en precios y prestaciones de las tarifas actuales, la principal novedad es la aparici\u00f3n de paquetes con 2 y 3 m\u00f3viles sin compartir datos. Estos s\u00f3lo ser\u00e1n aplicables con la fibra 300 (con o sin fijo) y permitir\u00e1n a\u00f1adir 2 o 3 m\u00f3viles con 30 GB cada uno.<\/p>\n\n\n\n<figure class=\"wp-block-table\"><table class=\"has-fixed-layout\"><thead><tr><th><strong>Nuevos paquetes con fibra 300 (no se aplican a la cartera)<\/strong><\/th><th class=\"has-text-align-center\" data-align=\"center\"><strong>Precio<\/strong><\/th><\/tr><\/thead><tbody><tr><td>Fibra 300 + 2 m\u00f3viles <strong>30 GB + 30 GB<\/strong><\/td><td class=\"has-text-align-center\" data-align=\"center\"><strong>43,50 \u20ac<\/strong><\/td><\/tr><tr><td>Fibra 300 + fijo + 2 m\u00f3viles <strong>30 GB + 30 GB<\/strong><\/td><td class=\"has-text-align-center\" data-align=\"center\"><strong>45,00 \u20ac<\/strong><\/td><\/tr><tr><td>Fibra 300 + 3 m\u00f3viles <strong>30 GB + 30 GB + 30 GB<\/strong><\/td><td class=\"has-text-align-center\" data-align=\"center\"><strong>49,50 \u20ac<\/strong><\/td><\/tr><tr><td>Fibra 300 + fijo + 3 m\u00f3viles <strong>30 GB + 30 GB + 30 GB<\/strong><\/td><td class=\"has-text-align-center\" data-align=\"center\"><strong>51,00 \u20ac<\/strong><\/td><\/tr><\/tbody><\/table><\/figure>\n\n\n\n<p><\/p>\n\n\n\n<div class=\"wp-block-buttons is-content-justification-center is-layout-flex wp-container-core-buttons-is-layout-a89b3969 wp-block-buttons-is-layout-flex\">\n<div class=\"wp-block-button is-style-outline is-style-outline--3\"><a class=\"wp-block-button__link wp-element-button\" href=\"https:\/\/somconnexio.coop\/es\/tarifas-internet-movil\/\">Tarifas fibra + m\u00f3vil<\/a><\/div>\n<\/div>\n\n\n\n<div style=\"height:50px\" aria-hidden=\"true\" class=\"wp-block-spacer\"><\/div>\n\n\n\n<h3 class=\"wp-block-heading\">Fibra sola: bajamos la mayor\u00eda de precios<\/h3>\n\n\n\n<p>La fibra 300 sin fijo es la \u00fanica que mantiene su precio. El resto de tarifas descienden, especialmente las fibras de mayor velocidad.<\/p>\n\n\n\n<figure class=\"wp-block-table\"><table class=\"has-fixed-layout\"><thead><tr><th><strong>Tarifas de fibra<\/strong><\/th><th><strong>Se transforma en<\/strong><\/th><th><strong>\u00bfQu\u00e9 ocurre?<\/strong><\/th><\/tr><\/thead><tbody><tr><td>Fibra 300&nbsp;<br><strong>31,50 \u20ac<\/strong><\/td><td>Fibra 300 <br><strong>31,50\u20ac<\/strong><\/td><td>No cambia<\/td><\/tr><tr><td>Fibra 300 + fijo<br><strong>34,00 \u20ac<\/strong><\/td><td>Fibra 300 + fijo&nbsp;<br><strong>33,00\u20ac<\/strong><\/td><td>-1\u20ac<\/td><\/tr><tr><td>Fibra 600 + fijo<br><strong>43,00\u20ac<\/strong><\/td><td>Fibra 600 + fijo&nbsp;<br><strong>34,00 \u20ac<\/strong><\/td><td>-9\u20ac<\/td><\/tr><tr><td>Fibra 1GB + fijo&nbsp;<br><strong>58,00 \u20ac<\/strong><\/td><td>Fibra 1 Gb + fijo<br><strong>45,00 \u20ac<\/strong><\/td><td>-13\u20ac<\/td><\/tr><\/tbody><\/table><\/figure>\n\n\n\n<p><\/p>\n\n\n\n<div class=\"wp-block-buttons is-content-justification-center is-layout-flex wp-container-core-buttons-is-layout-a89b3969 wp-block-buttons-is-layout-flex\">\n<div class=\"wp-block-button is-style-fill\"><a class=\"wp-block-button__link wp-element-button\" href=\"https:\/\/somconnexio.coop\/es\/tarifas-internet\">Tarifas fibra<\/a><\/div>\n<\/div>\n\n\n\n<div style=\"height:50px\" aria-hidden=\"true\" class=\"wp-block-spacer\"><\/div>\n\n\n\n<h3 class=\"wp-block-heading\">M\u00f3vil solo: nuevas tarifas y desaparici\u00f3n de la tarifa de 20 GB<\/h3>\n\n\n\n<p>En el caso de las tarifas de m\u00f3vil, s\u00f3lo hacemos dos cambios que afecten a las tarifas existentes. Adem\u00e1s aparecen nuevas opciones de tarifas.<\/p>\n\n\n\n<p>Cambios sobre las tarifas existentes:<\/p>\n\n\n\n<ul class=\"wp-block-list\">\n<li class=\"has-large-font-size\">Desaparece la tarifa de ilimitadas 20 GB (13 \u20ac). Pero se mantiene para aquellas personas que la tienen actualmente contratada.<\/li>\n\n\n\n<li class=\"has-large-font-size\">La tarifa de 150 GB (31,5 \u20ac) aumenta de 50 GB a 200 GB.<\/li>\n<\/ul>\n\n\n\n<figure class=\"wp-block-table\"><table class=\"has-fixed-layout\"><thead><tr><th><strong>Nuevas tarifas de m\u00f3vil<\/strong><\/th><th class=\"has-text-align-center\" data-align=\"center\"><strong>Precio<\/strong><\/th><\/tr><\/thead><tbody><tr><td>M\u00f2bil <strong>17 GB<\/strong><\/td><td class=\"has-text-align-center\" data-align=\"center\"><strong>11,50 \u20ac<\/strong><\/td><\/tr><tr><td>M\u00f2bil <strong>30 GB<\/strong><\/td><td class=\"has-text-align-center\" data-align=\"center\"><strong>15,00 \u20ac<\/strong><\/td><\/tr><tr><td>M\u00f2bil <strong>100 GB<\/strong><\/td><td class=\"has-text-align-center\" data-align=\"center\"><strong>23,00 \u20ac<\/strong><\/td><\/tr><\/tbody><\/table><\/figure>\n\n\n\n<div style=\"height:30px\" aria-hidden=\"true\" class=\"wp-block-spacer\"><\/div>\n\n\n\n<div class=\"wp-block-buttons is-content-justification-center is-layout-flex wp-container-core-buttons-is-layout-a89b3969 wp-block-buttons-is-layout-flex\">\n<div class=\"wp-block-button is-style-fill\"><a class=\"wp-block-button__link wp-element-button\" href=\"https:\/\/somconnexio.coop\/es\/tarifas-movil\/\">Tarifas m\u00f3vil<\/a><\/div>\n<\/div>\n\n\n\n<div style=\"height:20px\" aria-hidden=\"true\" class=\"wp-block-spacer\"><\/div>\n\n\n\n<p>Aunque la tarifa de 20 GB era una de las m\u00e1s exitosas, hemos podido compensar esta p\u00e9rdida con dos tarifas equiparables: la de 17 GB por 1,5\u20ac menos y la de 30 GB por 2\u20ac m\u00e1s.<\/p>\n\n\n\n<p><\/p>\n\n\n\n<div style=\"height:50px\" aria-hidden=\"true\" class=\"wp-block-spacer\"><\/div>\n\n\n\n<h3 class=\"wp-block-heading\">Tarifas para empresas: consolidamos la oferta para organizaciones y la separamos del tarifario de particulares<\/h3>\n\n\n\n<p>Para satisfacer las necesidades espec\u00edficas de las entidades y empresas, hemos consolidado una oferta espec\u00edfica para ellas y adaptado nuestros procesos de atenci\u00f3n para ofrecer un nivel de soporte mayor.<\/p>\n\n\n\n<p>Para hacerlo hemos separado esta oferta en un tarifario diferente al de particulares que es el que, a partir de ahora, ofreceremos a las entidades y empresas. Eso s\u00ed, si eres aut\u00f3nomo podr\u00e1s escoger entre las tarifas y condiciones para particulares o para empresas.<\/p>\n\n\n\n<p>Si formas parte de una organizaci\u00f3n que todav\u00eda no est\u00e1 con Somos Conexi\u00f3n, <strong>puedes investigar los productos, las tarifas y prestaciones para empresas en el siguiente link.<\/strong><\/p>\n\n\n\n<div class=\"wp-block-buttons is-content-justification-center is-layout-flex wp-container-core-buttons-is-layout-a89b3969 wp-block-buttons-is-layout-flex\">\n<div class=\"wp-block-button has-custom-font-size is-style-underlined has-large-font-size\"><a class=\"wp-block-button__link has-black-color has-seashell-background-color has-text-color has-background has-link-color has-text-align-center wp-element-button\" href=\"https:\/\/somconnexio.coop\/es\/empresas\/\">Tarifas para empresas &gt;<\/a><\/div>\n<\/div>\n\n\n\n<div style=\"height:50px\" aria-hidden=\"true\" class=\"wp-block-spacer\"><\/div>\n\n\n\n<h3 class=\"wp-block-heading\">Nueva web: con una imagen renovada y nuevos v\u00eddeos de las trabajadoras<\/h3>\n\n\n\n<p>Hace unos meses os anunciamos que est\u00e1bamos trabajando en una nueva web completamente renovada. Por fin podemos mostraros el resultado.&nbsp;<\/p>\n\n\n\n<p>Como ver\u00e9is, abandonamos el morado que nos parec\u00eda un poco apagado: apostamos por el fucsia vivo, y lo combinamos con tipograf\u00edas negras con mucho peso.<\/p>\n\n\n\n<p>Adem\u00e1s, a\u00f1adimos un nuevo estilo de ilustraciones creadas ad hoc y modernizamos los bocadillos de texto.&nbsp;<\/p>\n\n\n\n<p>Por \u00faltimo, queremos destacar<strong> los nuevos v\u00eddeos protagonizados por algunas de nuestras trabajadoras del equipo de atenci\u00f3n<\/strong> que esperamos os arranquen una sonrisa. \u00a1No os los perd\u00e1is!<\/p>\n\n\n\n<figure class=\"wp-block-image size-large\"><a href=\"https:\/\/somconnexio.coop\/es\"><img loading=\"lazy\" decoding=\"async\" width=\"1024\" height=\"576\" src=\"https:\/\/somconnexio.coop\/wp-content\/uploads\/2025\/03\/Mockup-web-1-1024x576.png\" alt=\"\" class=\"wp-image-25315\" srcset=\"https:\/\/somconnexio.coop\/wp-content\/uploads\/2025\/03\/Mockup-web-1-1024x576.png 1024w, https:\/\/somconnexio.coop\/wp-content\/uploads\/2025\/03\/Mockup-web-1-300x169.png 300w, https:\/\/somconnexio.coop\/wp-content\/uploads\/2025\/03\/Mockup-web-1-768x432.png 768w, https:\/\/somconnexio.coop\/wp-content\/uploads\/2025\/03\/Mockup-web-1-1536x864.png 1536w, https:\/\/somconnexio.coop\/wp-content\/uploads\/2025\/03\/Mockup-web-1.png 1920w\" sizes=\"auto, (max-width: 1024px) 100vw, 1024px\" \/><\/a><\/figure>\n\n\n\n<div class=\"wp-block-buttons is-content-justification-center is-layout-flex wp-container-core-buttons-is-layout-a89b3969 wp-block-buttons-is-layout-flex\">\n<div class=\"wp-block-button has-custom-font-size is-style-underlined has-large-font-size\"><a class=\"wp-block-button__link has-black-color has-seashell-background-color has-text-color has-background has-link-color has-text-align-center wp-element-button\" href=\"https:\/\/somconnexio.coop\/es\">No os los perd\u00e1is &gt;<\/a><\/div>\n<\/div>\n\n\n\n<div style=\"height:50px\" aria-hidden=\"true\" class=\"wp-block-spacer\"><\/div>\n\n\n\n<h3 class=\"wp-block-heading\">\u00bfPor qu\u00e9 hemos realizado todos estos cambios?<\/h3>\n\n\n\n<p>En primer lugar, como ya sab\u00e9is, en Somos Conexi\u00f3n no tenemos beneficios, sino que reinvertimos los excedentes en proyectos transformadores o en bajar los precios y mejorar las prestaciones.<strong> Por este motivo, siempre que podemos, realizamos bajadas de precios.<\/strong><\/p>\n\n\n\n<p>Hace unos meses que las tarifas de la cooperativa hab\u00edan quedado lejos de los precios de mercado. Esto lo hemos notado con una caida de las contrataciones esperadas y un aumento de las bajas.<\/p>\n\n\n\n<p>Aunque cada vez resulta m\u00e1s complejo realizar bajadas de precio, ya que las aplicamos a todo el que tiene contratada aquella tarifa y esto implica una disminuci\u00f3n importante de los ingresos mensuales, hemos visto necesario realizar este esfuerzo.&nbsp;<\/p>\n\n\n\n<p>Pero no lo hemos hecho s\u00f3lo para mantener los vol\u00famenes de altas de los \u00faltimos a\u00f1os, sino que el objetivo de la cooperativa es impulsar los crecimientos de forma clara y dar el salto definitivo hacia ser una operadora consolidada en el mercado. <\/p>\n\n\n\n<p><strong>\u00a1Queremos que todo el mundo sepa que existe una opci\u00f3n \u00e9tica en el sector de las telecos!<\/strong><\/p>\n\n\n\n<p>Esto, como siempre decimos, queremos hacerlo para seguir construyendo escenarios transformadores. Como ya hacemos a trav\u00e9s de nuestros proyectos para combatir la brecha digital, proteger los datos de nuestras usuarias y ayudar a las familias en la introducci\u00f3n consciente de la tecnolog\u00eda en la infancia y adolescencia.&nbsp;<\/p>\n\n\n<h3 class=\"crp-list-title\">Quiz\u00e1s te interese&#8230;<\/h3><div class=\"crp-list\"><div class=\"crp-list-item crp-list-item-image-above crp-list-item-has-image\"><div class=\"crp-list-item-image\"><a href=\"https:\/\/somconnexio.coop\/es\/participacion\/como-convencer-amigas-unirse-a-somos-conexion\/\"><img loading=\"lazy\" decoding=\"async\" data-pin-nopin=\"true\" style=\"max-width: 1280px; height: auto;\" width=\"1280\" height=\"670\" src=\"https:\/\/somconnexio.coop\/wp-content\/uploads\/2021\/11\/photo5776174746591933897.jpg\" class=\"attachment- size- wp-post-image\" alt=\"\" srcset=\"https:\/\/somconnexio.coop\/wp-content\/uploads\/2021\/11\/photo5776174746591933897.jpg 1280w, https:\/\/somconnexio.coop\/wp-content\/uploads\/2021\/11\/photo5776174746591933897-300x157.jpg 300w, https:\/\/somconnexio.coop\/wp-content\/uploads\/2021\/11\/photo5776174746591933897-1024x536.jpg 1024w, https:\/\/somconnexio.coop\/wp-content\/uploads\/2021\/11\/photo5776174746591933897-768x402.jpg 768w\" sizes=\"auto, (max-width: 1280px) 100vw, 1280px\" \/><\/a><\/div><div class=\"crp-list-item-title\"><a href=\"https:\/\/somconnexio.coop\/es\/participacion\/como-convencer-amigas-unirse-a-somos-conexion\/\">C\u00f3mo convencer a tus amigas y amigos de que se pasen a Somos Conexi\u00f3n<\/a><\/div><\/div><div class=\"crp-list-item crp-list-item-image-above crp-list-item-has-image\"><div class=\"crp-list-item-image\"><a href=\"https:\/\/somconnexio.coop\/es\/consumo-y-ahorro\/como-saber-que-tarifa-de-internet-contratar\/\"><img loading=\"lazy\" decoding=\"async\" data-pin-nopin=\"true\" style=\"max-width: 1500px; height: auto;\" width=\"1500\" height=\"786\" src=\"https:\/\/somconnexio.coop\/wp-content\/uploads\/2021\/07\/internet_casa.jpg\" class=\"attachment- size- wp-post-image\" alt=\"tarifa internet casa\" srcset=\"https:\/\/somconnexio.coop\/wp-content\/uploads\/2021\/07\/internet_casa.jpg 1500w, https:\/\/somconnexio.coop\/wp-content\/uploads\/2021\/07\/internet_casa-300x157.jpg 300w, https:\/\/somconnexio.coop\/wp-content\/uploads\/2021\/07\/internet_casa-1024x537.jpg 1024w, https:\/\/somconnexio.coop\/wp-content\/uploads\/2021\/07\/internet_casa-768x402.jpg 768w\" sizes=\"auto, (max-width: 1500px) 100vw, 1500px\" \/><\/a><\/div><div class=\"crp-list-item-title\"><a href=\"https:\/\/somconnexio.coop\/es\/consumo-y-ahorro\/como-saber-que-tarifa-de-internet-contratar\/\">\u00bfC\u00f3mo saber qu\u00e9 tarifa de internet me conviene contratar?<\/a><\/div><\/div><div class=\"crp-list-item crp-list-item-image-above crp-list-item-has-image\"><div class=\"crp-list-item-image\"><a href=\"https:\/\/somconnexio.coop\/es\/consumo-y-ahorro\/que-tarifa-de-internet-movil-escoger\/\"><img loading=\"lazy\" decoding=\"async\" data-pin-nopin=\"true\" style=\"max-width: 1500px; height: auto;\" width=\"1500\" height=\"786\" src=\"https:\/\/somconnexio.coop\/wp-content\/uploads\/2021\/04\/sc_maig-2023_escollir-tarifa-blog-portada-cast.jpg\" class=\"attachment- size- wp-post-image\" alt=\"tarifa m\u00f3vil\" srcset=\"https:\/\/somconnexio.coop\/wp-content\/uploads\/2021\/04\/sc_maig-2023_escollir-tarifa-blog-portada-cast.jpg 1500w, https:\/\/somconnexio.coop\/wp-content\/uploads\/2021\/04\/sc_maig-2023_escollir-tarifa-blog-portada-cast-300x157.jpg 300w, https:\/\/somconnexio.coop\/wp-content\/uploads\/2021\/04\/sc_maig-2023_escollir-tarifa-blog-portada-cast-1024x537.jpg 1024w, https:\/\/somconnexio.coop\/wp-content\/uploads\/2021\/04\/sc_maig-2023_escollir-tarifa-blog-portada-cast-768x402.jpg 768w\" sizes=\"auto, (max-width: 1500px) 100vw, 1500px\" \/><\/a><\/div><div class=\"crp-list-item-title\"><a href=\"https:\/\/somconnexio.coop\/es\/consumo-y-ahorro\/que-tarifa-de-internet-movil-escoger\/\">\u00bfQu\u00e9 tarifa de internet en el m\u00f3vil escoger?<\/a><\/div><\/div><\/div>","protected":false},"excerpt":{"rendered":"<p>Este mes Somos Conexi\u00f3n presenta grandes novedades: bajada de precios y subida de prestaciones, nuevas tarifas, creaci\u00f3n del tarifario para empresas y nueva web Despu\u00e9s de muchos meses de trabajo, Somos Conexi\u00f3n presentamos grandes novedades. Hemos decidido impulsar una revoluci\u00f3n hacia unos productos m\u00e1s atractivos y una forma de mostrarlos m\u00e1s fresca y actual. Las [&hellip;]<\/p>\n","protected":false},"author":1,"featured_media":25302,"comment_status":"closed","ping_status":"closed","sticky":false,"template":"wp-custom-template-blog-pink","format":"standard","meta":{"footnotes":""},"categories":[87],"tags":[],"class_list":["post-25253","post","type-post","status-publish","format-standard","has-post-thumbnail","hentry","category-noticias"],"yoast_head":"<!-- This site is optimized with the Yoast SEO plugin v25.1 - https:\/\/yoast.com\/wordpress\/plugins\/seo\/ -->\n<title>Un marzo con muchas novedades - Somos Conexi\u00f3n<\/title>\n<meta name=\"robots\" content=\"index, follow, max-snippet:-1, max-image-preview:large, max-video-preview:-1\" \/>\n<link rel=\"canonical\" href=\"https:\/\/somconnexio.coop\/es\/noticias\/un-mes-con-muchas-novedades\/\" \/>\n<meta property=\"og:locale\" content=\"es_ES\" \/>\n<meta property=\"og:type\" content=\"article\" \/>\n<meta property=\"og:title\" content=\"Un marzo con muchas novedades - Somos Conexi\u00f3n\" \/>\n<meta property=\"og:description\" content=\"Este mes Somos Conexi\u00f3n presenta grandes novedades: bajada de precios y subida de prestaciones, nuevas tarifas, creaci\u00f3n del tarifario para empresas y nueva web Despu\u00e9s de muchos meses de trabajo, Somos Conexi\u00f3n presentamos grandes novedades. Hemos decidido impulsar una revoluci\u00f3n hacia unos productos m\u00e1s atractivos y una forma de mostrarlos m\u00e1s fresca y actual. Las [&hellip;]\" \/>\n<meta property=\"og:url\" content=\"https:\/\/somconnexio.coop\/es\/noticias\/un-mes-con-muchas-novedades\/\" \/>\n<meta property=\"og:site_name\" content=\"Somos Conexi\u00f3n\" \/>\n<meta property=\"article:published_time\" content=\"2025-03-11T08:33:47+00:00\" \/>\n<meta property=\"article:modified_time\" content=\"2025-03-12T08:46:36+00:00\" \/>\n<meta property=\"og:image\" content=\"https:\/\/somconnexio.coop\/wp-content\/uploads\/2025\/03\/SomConnexio_post_NousProductes.png\" \/>\n\t<meta property=\"og:image:width\" content=\"1200\" \/>\n\t<meta property=\"og:image:height\" content=\"628\" \/>\n\t<meta property=\"og:image:type\" content=\"image\/png\" \/>\n<meta name=\"author\" content=\"Som Connexi\u00f3\" \/>\n<meta name=\"twitter:card\" content=\"summary_large_image\" \/>\n<meta name=\"twitter:label1\" content=\"Escrito por\" \/>\n\t<meta name=\"twitter:data1\" content=\"Som Connexi\u00f3\" \/>\n\t<meta name=\"twitter:label2\" content=\"Tiempo de lectura\" \/>\n\t<meta name=\"twitter:data2\" content=\"8 minutos\" \/>\n<script type=\"application\/ld+json\" class=\"yoast-schema-graph\">{\"@context\":\"https:\/\/schema.org\",\"@graph\":[{\"@type\":\"WebPage\",\"@id\":\"https:\/\/somconnexio.coop\/es\/noticias\/un-mes-con-muchas-novedades\/\",\"url\":\"https:\/\/somconnexio.coop\/es\/noticias\/un-mes-con-muchas-novedades\/\",\"name\":\"Un marzo con muchas novedades - Somos Conexi\u00f3n\",\"isPartOf\":{\"@id\":\"https:\/\/somconnexio.coop\/#website\"},\"primaryImageOfPage\":{\"@id\":\"https:\/\/somconnexio.coop\/es\/noticias\/un-mes-con-muchas-novedades\/#primaryimage\"},\"image\":{\"@id\":\"https:\/\/somconnexio.coop\/es\/noticias\/un-mes-con-muchas-novedades\/#primaryimage\"},\"thumbnailUrl\":\"https:\/\/somconnexio.coop\/wp-content\/uploads\/2025\/03\/SomConnexio_post_NousProductes.png\",\"datePublished\":\"2025-03-11T08:33:47+00:00\",\"dateModified\":\"2025-03-12T08:46:36+00:00\",\"author\":{\"@id\":\"https:\/\/somconnexio.coop\/#\/schema\/person\/630d418ae875e664d5aff0d4c2917af7\"},\"breadcrumb\":{\"@id\":\"https:\/\/somconnexio.coop\/es\/noticias\/un-mes-con-muchas-novedades\/#breadcrumb\"},\"inLanguage\":\"es\",\"potentialAction\":[{\"@type\":\"ReadAction\",\"target\":[\"https:\/\/somconnexio.coop\/es\/noticias\/un-mes-con-muchas-novedades\/\"]}]},{\"@type\":\"ImageObject\",\"inLanguage\":\"es\",\"@id\":\"https:\/\/somconnexio.coop\/es\/noticias\/un-mes-con-muchas-novedades\/#primaryimage\",\"url\":\"https:\/\/somconnexio.coop\/wp-content\/uploads\/2025\/03\/SomConnexio_post_NousProductes.png\",\"contentUrl\":\"https:\/\/somconnexio.coop\/wp-content\/uploads\/2025\/03\/SomConnexio_post_NousProductes.png\",\"width\":1200,\"height\":628},{\"@type\":\"BreadcrumbList\",\"@id\":\"https:\/\/somconnexio.coop\/es\/noticias\/un-mes-con-muchas-novedades\/#breadcrumb\",\"itemListElement\":[{\"@type\":\"ListItem\",\"position\":1,\"name\":\"Portada\",\"item\":\"https:\/\/somconnexio.coop\/es\/\"},{\"@type\":\"ListItem\",\"position\":2,\"name\":\"Un marzo con muchas novedades\"}]},{\"@type\":\"WebSite\",\"@id\":\"https:\/\/somconnexio.coop\/#website\",\"url\":\"https:\/\/somconnexio.coop\/\",\"name\":\"Somos Conexi\u00f3n\",\"description\":\"la 1a cooperativa de telefon\u00eda e internet\",\"potentialAction\":[{\"@type\":\"SearchAction\",\"target\":{\"@type\":\"EntryPoint\",\"urlTemplate\":\"https:\/\/somconnexio.coop\/?s={search_term_string}\"},\"query-input\":{\"@type\":\"PropertyValueSpecification\",\"valueRequired\":true,\"valueName\":\"search_term_string\"}}],\"inLanguage\":\"es\"},{\"@type\":\"Person\",\"@id\":\"https:\/\/somconnexio.coop\/#\/schema\/person\/630d418ae875e664d5aff0d4c2917af7\",\"name\":\"Som Connexi\u00f3\",\"url\":\"https:\/\/somconnexio.coop\/es\/author\/somconnexio\/\"}]}<\/script>\n<!-- \/ Yoast SEO plugin. -->","yoast_head_json":{"title":"Un marzo con muchas novedades - Somos Conexi\u00f3n","robots":{"index":"index","follow":"follow","max-snippet":"max-snippet:-1","max-image-preview":"max-image-preview:large","max-video-preview":"max-video-preview:-1"},"canonical":"https:\/\/somconnexio.coop\/es\/noticias\/un-mes-con-muchas-novedades\/","og_locale":"es_ES","og_type":"article","og_title":"Un marzo con muchas novedades - Somos Conexi\u00f3n","og_description":"Este mes Somos Conexi\u00f3n presenta grandes novedades: bajada de precios y subida de prestaciones, nuevas tarifas, creaci\u00f3n del tarifario para empresas y nueva web Despu\u00e9s de muchos meses de trabajo, Somos Conexi\u00f3n presentamos grandes novedades. Hemos decidido impulsar una revoluci\u00f3n hacia unos productos m\u00e1s atractivos y una forma de mostrarlos m\u00e1s fresca y actual. Las [&hellip;]","og_url":"https:\/\/somconnexio.coop\/es\/noticias\/un-mes-con-muchas-novedades\/","og_site_name":"Somos Conexi\u00f3n","article_published_time":"2025-03-11T08:33:47+00:00","article_modified_time":"2025-03-12T08:46:36+00:00","og_image":[{"width":1200,"height":628,"url":"https:\/\/somconnexio.coop\/wp-content\/uploads\/2025\/03\/SomConnexio_post_NousProductes.png","type":"image\/png"}],"author":"Som Connexi\u00f3","twitter_card":"summary_large_image","twitter_misc":{"Escrito por":"Som Connexi\u00f3","Tiempo de lectura":"8 minutos"},"schema":{"@context":"https:\/\/schema.org","@graph":[{"@type":"WebPage","@id":"https:\/\/somconnexio.coop\/es\/noticias\/un-mes-con-muchas-novedades\/","url":"https:\/\/somconnexio.coop\/es\/noticias\/un-mes-con-muchas-novedades\/","name":"Un marzo con muchas novedades - Somos Conexi\u00f3n","isPartOf":{"@id":"https:\/\/somconnexio.coop\/#website"},"primaryImageOfPage":{"@id":"https:\/\/somconnexio.coop\/es\/noticias\/un-mes-con-muchas-novedades\/#primaryimage"},"image":{"@id":"https:\/\/somconnexio.coop\/es\/noticias\/un-mes-con-muchas-novedades\/#primaryimage"},"thumbnailUrl":"https:\/\/somconnexio.coop\/wp-content\/uploads\/2025\/03\/SomConnexio_post_NousProductes.png","datePublished":"2025-03-11T08:33:47+00:00","dateModified":"2025-03-12T08:46:36+00:00","author":{"@id":"https:\/\/somconnexio.coop\/#\/schema\/person\/630d418ae875e664d5aff0d4c2917af7"},"breadcrumb":{"@id":"https:\/\/somconnexio.coop\/es\/noticias\/un-mes-con-muchas-novedades\/#breadcrumb"},"inLanguage":"es","potentialAction":[{"@type":"ReadAction","target":["https:\/\/somconnexio.coop\/es\/noticias\/un-mes-con-muchas-novedades\/"]}]},{"@type":"ImageObject","inLanguage":"es","@id":"https:\/\/somconnexio.coop\/es\/noticias\/un-mes-con-muchas-novedades\/#primaryimage","url":"https:\/\/somconnexio.coop\/wp-content\/uploads\/2025\/03\/SomConnexio_post_NousProductes.png","contentUrl":"https:\/\/somconnexio.coop\/wp-content\/uploads\/2025\/03\/SomConnexio_post_NousProductes.png","width":1200,"height":628},{"@type":"BreadcrumbList","@id":"https:\/\/somconnexio.coop\/es\/noticias\/un-mes-con-muchas-novedades\/#breadcrumb","itemListElement":[{"@type":"ListItem","position":1,"name":"Portada","item":"https:\/\/somconnexio.coop\/es\/"},{"@type":"ListItem","position":2,"name":"Un marzo con muchas novedades"}]},{"@type":"WebSite","@id":"https:\/\/somconnexio.coop\/#website","url":"https:\/\/somconnexio.coop\/","name":"Somos Conexi\u00f3n","description":"la 1a cooperativa de telefon\u00eda e internet","potentialAction":[{"@type":"SearchAction","target":{"@type":"EntryPoint","urlTemplate":"https:\/\/somconnexio.coop\/?s={search_term_string}"},"query-input":{"@type":"PropertyValueSpecification","valueRequired":true,"valueName":"search_term_string"}}],"inLanguage":"es"},{"@type":"Person","@id":"https:\/\/somconnexio.coop\/#\/schema\/person\/630d418ae875e664d5aff0d4c2917af7","name":"Som Connexi\u00f3","url":"https:\/\/somconnexio.coop\/es\/author\/somconnexio\/"}]}},"_links":{"self":[{"href":"https:\/\/somconnexio.coop\/es\/wp-json\/wp\/v2\/posts\/25253","targetHints":{"allow":["GET"]}}],"collection":[{"href":"https:\/\/somconnexio.coop\/es\/wp-json\/wp\/v2\/posts"}],"about":[{"href":"https:\/\/somconnexio.coop\/es\/wp-json\/wp\/v2\/types\/post"}],"author":[{"embeddable":true,"href":"https:\/\/somconnexio.coop\/es\/wp-json\/wp\/v2\/users\/1"}],"replies":[{"embeddable":true,"href":"https:\/\/somconnexio.coop\/es\/wp-json\/wp\/v2\/comments?post=25253"}],"version-history":[{"count":14,"href":"https:\/\/somconnexio.coop\/es\/wp-json\/wp\/v2\/posts\/25253\/revisions"}],"predecessor-version":[{"id":25329,"href":"https:\/\/somconnexio.coop\/es\/wp-json\/wp\/v2\/posts\/25253\/revisions\/25329"}],"wp:featuredmedia":[{"embeddable":true,"href":"https:\/\/somconnexio.coop\/es\/wp-json\/wp\/v2\/media\/25302"}],"wp:attachment":[{"href":"https:\/\/somconnexio.coop\/es\/wp-json\/wp\/v2\/media?parent=25253"}],"wp:term":[{"taxonomy":"category","embeddable":true,"href":"https:\/\/somconnexio.coop\/es\/wp-json\/wp\/v2\/categories?post=25253"},{"taxonomy":"post_tag","embeddable":true,"href":"https:\/\/somconnexio.coop\/es\/wp-json\/wp\/v2\/tags?post=25253"}],"curies":[{"name":"wp","href":"https:\/\/api.w.org\/{rel}","templated":true}]}}