  {"id":25855,"date":"2025-05-11T21:29:11","date_gmt":"2025-05-11T19:29:11","guid":{"rendered":"https:\/\/somconnexio.coop\/?p=25855"},"modified":"2025-08-07T10:34:25","modified_gmt":"2025-08-07T08:34:25","slug":"28-dabril-de-2025-quan-tot-es-va-apagar","status":"publish","type":"post","link":"https:\/\/somconnexio.coop\/es\/noticias\/28-dabril-de-2025-quan-tot-es-va-apagar\/","title":{"rendered":"28 d&#8217;abril de 2025: cuando todo se apag\u00f3"},"content":{"rendered":"\n<p><\/p>\n\n\n\n<p>El lunes 28 de abril pas\u00f3 aquello que a menudo solo imaginamos en pel\u00edculas o distop\u00edas: el sistema el\u00e9ctrico cay\u00f3. A las 12:33 horas, un apag\u00f3n el\u00e9ctrico repentino dej\u00f3 toda la pen\u00ednsula Ib\u00e9rica sin luz. Pero el impacto fue m\u00e1s all\u00e1 de la energ\u00eda. Fue un apag\u00f3n de la comunicaci\u00f3n.<\/p>\n\n\n\n<p>Los m\u00f3viles dejaron de tener cobertura, internet desapareci\u00f3 en muchas zonas, y ni siquiera una llamada de urgencia se pod\u00eda garantizar. De vez en cuando, aparec\u00eda un mensaje de whatsapp o&nbsp;telegram&nbsp;enviado horas antes.<\/p>\n\n\n\n<p>\u00bfPor qu\u00e9 pas\u00f3? Porque nuestro sistema de telecomunicaciones est\u00e1 construido sobre una estructura que depende del suministro el\u00e9ctrico. Las antenas, los routers, los servidores, los centros de datos\u2026todo necesita energ\u00eda para funcionar. Y todo est\u00e1, casi siempre, concentrado en pocas manos y pocos lugares. Cuando cae una pieza, caen todas.<\/p>\n\n\n\n<p>\u00bfPero y si este caso no ser\u00e1 una excepci\u00f3n? \u00bfY si forma parte de un escenario cada vez m\u00e1s probable? Emergencias clim\u00e1ticas, picos de consumo, tensiones geopol\u00edticas\u2026En un mundo fr\u00e1gil, hace falta una infraestructura que no lo sea tanto.<\/p>\n\n\n\n<h2 class=\"wp-block-heading\">La dependencia de la red el\u00e9ctrica<\/h2>\n\n\n\n<p>Las antenas de telefon\u00eda m\u00f3vil, funcionan gracias a la energ\u00eda el\u00e9ctrica. Aunque muchas disponen de bater\u00edas de reserva, su autonom\u00eda es limitada. Seg\u00fan fuentes t\u00e9cnicas, estas bater\u00edas pueden mantener las antenas operativas entre una y tres horas, dependiendo de la carga y la demanda. Cuando el suministro el\u00e9ctrico se interrumpi\u00f3, muchas antenas dejaron de funcionar, y las que permanecieron operativas quedaron saturadas por la gran demanda de conexi\u00f3n, provocando una ca\u00edda generalizada del servicio.<\/p>\n\n\n\n<p>A pesar de no estar conectadas al sistema el\u00e9ctrico peninsular, las Islas Canarias tambi\u00e9n vieron afectado el servicio de telecomunicaciones. La raz\u00f3n? Su dependencia de los cables submarinos y nodos de conexi\u00f3n que s\u00ed que est\u00e1n situados a la pen\u00ednsula, especialmente en Andaluc\u00eda. La interdependencia de la red global provoc\u00f3 ca\u00eddas parciales en servicios como telefon\u00eda m\u00f3vil, dat\u00e1fonos, Wi-Fi,&nbsp;streaming&nbsp;y cajeros autom\u00e1ticos.<\/p>\n\n\n\n<h2 class=\"wp-block-heading\">Las personas en el centro<\/h2>\n\n\n\n<p>Durante el apag\u00f3n, desde el equipo de atenci\u00f3n de&nbsp;Somos&nbsp;Conexi\u00f3n recibimos muchas llamadas. La gran mayor\u00eda de personas mostraron comprensi\u00f3n y empat\u00eda ante una situaci\u00f3n tan excepcional. Algunas expresaban confusi\u00f3n. No sab\u00edan si la falta de servicio era por el apag\u00f3n o por una incidencia particular. Otros, simplemente, quer\u00edan compartir como estaban. En muchos casos, la atenci\u00f3n humana fue el \u00fanico v\u00ednculo disponible cuando la tecnolog\u00eda fall\u00f3.<\/p>\n\n\n\n<p>Recibimos \u00e1nimos, agradecimientos e incluso reflexiones del tipo: \u201cya va bien desconectar de tantas notificaciones\u201d. Estas muestras de afecto nos recuerdan que lo m\u00e1s esencial no siempre es la conexi\u00f3n digital, sino el v\u00ednculo entre las personas.<\/p>\n\n\n\n<h2 class=\"wp-block-heading\">Derechos de las personas consumidoras<\/h2>\n\n\n\n<p>Cuando se produce una interrupci\u00f3n masiva de servicios como la del 28 de abril, es leg\u00edtimo preguntarse si tenemos derecho a compensaciones por las horas sin luz, internet, tel\u00e9fono o agua. Todav\u00eda no se han determinado con precisi\u00f3n las causas ni las responsabilidades del apag\u00f3n el\u00e9ctrico.<\/p>\n\n\n\n<p>Desde\u00a0Somos\u00a0Conexi\u00f3n os iremos comunicando la informaci\u00f3n que tengamos en este sentido.<\/p>\n\n\n\n<h2 class=\"wp-block-heading\">Hacia un modelo m\u00e1s resiliente y justo<\/h2>\n\n\n\n<p>Somos conscientes de las limitaciones del modelo actual. A pesar de depender de la infraestructura otras operadoras, trabajamos desde hace tiempos para construir una alternativa m\u00e1s justa. Hace falta una transformaci\u00f3n profunda que nos lleve hacia alternativas m\u00e1s resilientes y democr\u00e1ticas.<\/p>\n\n\n\n<p>Trabajamos desde hace a\u00f1os para construir esta alternativa, promoviendo la soberan\u00eda tecnol\u00f3gica y apoyando iniciativas como guifi.net, una red de telecomunicaciones abierta, m\u00e1s distribuida y gestionada por la ciudadan\u00eda. Estas redes pueden ser clave para mantener la conectividad en momentos de crisis porque cuentan con bater\u00edas y generadores propios.<\/p>\n\n\n\n<h2 class=\"wp-block-heading\">Un camino compartido<\/h2>\n\n\n\n<p>La transformaci\u00f3n tecnol\u00f3gica tiene que ir de la mano de una transici\u00f3n energ\u00e9tica profunda. Por este motivo, intercooperamos con Som Energia, cooperativa con qui\u00e9n colaboramos para impulsar un modelo energ\u00e9tico basado en fuentes renovables, de proximidad y bajo control democr\u00e1tico.<\/p>\n\n\n\n<p>Un sistema energ\u00e9tico descentralizado y gestionado desde las comunidades no solo permite reducir emisiones o combatir el cambio clim\u00e1tico. Tambi\u00e9n incrementa la capacidad de resistencia colectiva ante quiebras como la del 28 de abril.<\/p>\n\n\n\n<h2 class=\"wp-block-heading\">\u00bfY ahora qu\u00e9?<\/h2>\n\n\n\n<p>El apag\u00f3n del 28 de abril no tiene que quedar como una an\u00e9cdota. Es una oportunidad para repensar el modelo. Hace falta m\u00e1s regulaci\u00f3n y democracia digital, m\u00e1s soberan\u00eda local, y menos concentraci\u00f3n de poder en manos de oligopolios y corporaciones globales.<\/p>\n\n\n\n<p>El camino hacia la transici\u00f3n ecosocial no es f\u00e1cil ni&nbsp;r\u00e1pido. Pero sabemos que es posible. Y sabemos tambi\u00e9n que solo ser\u00e1 real si somos muchas. Si reunimos una masa cr\u00edtica de personas que entiendan la conectividad como un derecho colectivo y no como una mercanc\u00eda. Si creamos comunidades que deciden implicarse en la construcci\u00f3n de infraestructuras compartidas y democr\u00e1ticas.<\/p>\n\n\n\n<p><br>Encendamos alternativas. Porque cuando cae la luz, no todo se apaga. De hecho, quiz\u00e1s entonces es cuando empezamos a ver con m\u00e1s claridad el camino que queremos seguir.<\/p>\n\n\n<h3 class=\"crp-list-title\">Contenidos relacionados<\/h3><div class=\"crp-list\"><div class=\"crp-list-item crp-list-item-image-above crp-list-item-has-image\"><div class=\"crp-list-item-image\"><a href=\"https:\/\/somconnexio.coop\/es\/sostenibilidad\/podemos-frenar-el-cambio-climatico-mas-acciones-colectivas\/\"><img loading=\"lazy\" decoding=\"async\" data-pin-nopin=\"true\" style=\"max-width: 1500px; height: auto;\" width=\"1500\" height=\"786\" src=\"https:\/\/somconnexio.coop\/wp-content\/uploads\/2023\/11\/sc_novembre-2023-andreu-escriva_blog-cast.jpg\" class=\"attachment- size- wp-post-image\" alt=\"Andreu Escriv\u00e0: &quot;No salvaremos el planeta comprando productos sostenibles&quot;\" srcset=\"https:\/\/somconnexio.coop\/wp-content\/uploads\/2023\/11\/sc_novembre-2023-andreu-escriva_blog-cast.jpg 1500w, https:\/\/somconnexio.coop\/wp-content\/uploads\/2023\/11\/sc_novembre-2023-andreu-escriva_blog-cast-300x157.jpg 300w, https:\/\/somconnexio.coop\/wp-content\/uploads\/2023\/11\/sc_novembre-2023-andreu-escriva_blog-cast-1024x537.jpg 1024w, https:\/\/somconnexio.coop\/wp-content\/uploads\/2023\/11\/sc_novembre-2023-andreu-escriva_blog-cast-768x402.jpg 768w\" sizes=\"auto, (max-width: 1500px) 100vw, 1500px\" \/><\/a><\/div><div class=\"crp-list-item-title\"><a href=\"https:\/\/somconnexio.coop\/es\/sostenibilidad\/podemos-frenar-el-cambio-climatico-mas-acciones-colectivas\/\">\u00abPodemos frenar el cambio clim\u00e1tico, impugnando el sistema, con m\u00e1s acciones colectivas\u00bb<\/a><\/div><\/div><div class=\"crp-list-item crp-list-item-image-above crp-list-item-has-image\"><div class=\"crp-list-item-image\"><a href=\"https:\/\/somconnexio.coop\/es\/participacion\/como-debe-ser-una-transicion-ecosocial-justa-y-popular\/\"><img loading=\"lazy\" decoding=\"async\" data-pin-nopin=\"true\" style=\"max-width: 1500px; height: auto;\" width=\"1500\" height=\"786\" src=\"https:\/\/somconnexio.coop\/wp-content\/uploads\/2024\/12\/maristella_portada-1.png\" class=\"attachment- size- wp-post-image\" alt=\"maristella svampa\" srcset=\"https:\/\/somconnexio.coop\/wp-content\/uploads\/2024\/12\/maristella_portada-1.png 1500w, https:\/\/somconnexio.coop\/wp-content\/uploads\/2024\/12\/maristella_portada-1-300x157.png 300w, https:\/\/somconnexio.coop\/wp-content\/uploads\/2024\/12\/maristella_portada-1-1024x537.png 1024w, https:\/\/somconnexio.coop\/wp-content\/uploads\/2024\/12\/maristella_portada-1-768x402.png 768w\" sizes=\"auto, (max-width: 1500px) 100vw, 1500px\" \/><\/a><\/div><div class=\"crp-list-item-title\"><a href=\"https:\/\/somconnexio.coop\/es\/participacion\/como-debe-ser-una-transicion-ecosocial-justa-y-popular\/\">\u00bfC\u00f3mo debe ser una transici\u00f3n ecosocial justa y popular?<\/a><\/div><\/div><\/div>","protected":false},"excerpt":{"rendered":"<p>El lunes 28 de abril pas\u00f3 aquello que a menudo solo imaginamos en pel\u00edculas o distop\u00edas: el sistema el\u00e9ctrico cay\u00f3. A las 12:33 horas, un apag\u00f3n el\u00e9ctrico repentino dej\u00f3 toda la pen\u00ednsula Ib\u00e9rica sin luz. Pero el impacto fue m\u00e1s all\u00e1 de la energ\u00eda. Fue un apag\u00f3n de la comunicaci\u00f3n. Los m\u00f3viles dejaron de tener [&hellip;]<\/p>\n","protected":false},"author":1,"featured_media":25854,"comment_status":"closed","ping_status":"closed","sticky":false,"template":"wp-custom-template-blog-pink","format":"standard","meta":{"footnotes":""},"categories":[87],"tags":[],"class_list":["post-25855","post","type-post","status-publish","format-standard","has-post-thumbnail","hentry","category-noticias"],"yoast_head":"<!-- This site is optimized with the Yoast SEO plugin v25.1 - https:\/\/yoast.com\/wordpress\/plugins\/seo\/ -->\n<title>28 d&#039;abril de 2025: cuando todo se apag\u00f3 - Somos Conexi\u00f3n<\/title>\n<meta name=\"robots\" content=\"index, follow, max-snippet:-1, max-image-preview:large, max-video-preview:-1\" \/>\n<link rel=\"canonical\" href=\"https:\/\/somconnexio.coop\/es\/noticias\/28-dabril-de-2025-quan-tot-es-va-apagar\/\" \/>\n<meta property=\"og:locale\" content=\"es_ES\" \/>\n<meta property=\"og:type\" content=\"article\" \/>\n<meta property=\"og:title\" content=\"28 d&#039;abril de 2025: cuando todo se apag\u00f3 - Somos Conexi\u00f3n\" \/>\n<meta property=\"og:description\" content=\"El lunes 28 de abril pas\u00f3 aquello que a menudo solo imaginamos en pel\u00edculas o distop\u00edas: el sistema el\u00e9ctrico cay\u00f3. A las 12:33 horas, un apag\u00f3n el\u00e9ctrico repentino dej\u00f3 toda la pen\u00ednsula Ib\u00e9rica sin luz. Pero el impacto fue m\u00e1s all\u00e1 de la energ\u00eda. Fue un apag\u00f3n de la comunicaci\u00f3n. Los m\u00f3viles dejaron de tener [&hellip;]\" \/>\n<meta property=\"og:url\" content=\"https:\/\/somconnexio.coop\/es\/noticias\/28-dabril-de-2025-quan-tot-es-va-apagar\/\" \/>\n<meta property=\"og:site_name\" content=\"Somos Conexi\u00f3n\" \/>\n<meta property=\"article:published_time\" content=\"2025-05-11T19:29:11+00:00\" \/>\n<meta property=\"article:modified_time\" content=\"2025-08-07T08:34:25+00:00\" \/>\n<meta property=\"og:image\" content=\"https:\/\/somconnexio.coop\/wp-content\/uploads\/2025\/05\/SomConnexio_postApagadaLlum_blog-1.png\" \/>\n\t<meta property=\"og:image:width\" content=\"1080\" \/>\n\t<meta property=\"og:image:height\" content=\"565\" \/>\n\t<meta property=\"og:image:type\" content=\"image\/png\" \/>\n<meta name=\"author\" content=\"Som Connexi\u00f3\" \/>\n<meta name=\"twitter:card\" content=\"summary_large_image\" \/>\n<meta name=\"twitter:label1\" content=\"Escrito por\" \/>\n\t<meta name=\"twitter:data1\" content=\"Som Connexi\u00f3\" \/>\n\t<meta name=\"twitter:label2\" content=\"Tiempo de lectura\" \/>\n\t<meta name=\"twitter:data2\" content=\"4 minutos\" \/>\n<script type=\"application\/ld+json\" class=\"yoast-schema-graph\">{\"@context\":\"https:\/\/schema.org\",\"@graph\":[{\"@type\":\"WebPage\",\"@id\":\"https:\/\/somconnexio.coop\/es\/noticias\/28-dabril-de-2025-quan-tot-es-va-apagar\/\",\"url\":\"https:\/\/somconnexio.coop\/es\/noticias\/28-dabril-de-2025-quan-tot-es-va-apagar\/\",\"name\":\"28 d'abril de 2025: cuando todo se apag\u00f3 - Somos Conexi\u00f3n\",\"isPartOf\":{\"@id\":\"https:\/\/somconnexio.coop\/#website\"},\"primaryImageOfPage\":{\"@id\":\"https:\/\/somconnexio.coop\/es\/noticias\/28-dabril-de-2025-quan-tot-es-va-apagar\/#primaryimage\"},\"image\":{\"@id\":\"https:\/\/somconnexio.coop\/es\/noticias\/28-dabril-de-2025-quan-tot-es-va-apagar\/#primaryimage\"},\"thumbnailUrl\":\"https:\/\/somconnexio.coop\/wp-content\/uploads\/2025\/05\/SomConnexio_postApagadaLlum_blog-1.png\",\"datePublished\":\"2025-05-11T19:29:11+00:00\",\"dateModified\":\"2025-08-07T08:34:25+00:00\",\"author\":{\"@id\":\"https:\/\/somconnexio.coop\/#\/schema\/person\/630d418ae875e664d5aff0d4c2917af7\"},\"breadcrumb\":{\"@id\":\"https:\/\/somconnexio.coop\/es\/noticias\/28-dabril-de-2025-quan-tot-es-va-apagar\/#breadcrumb\"},\"inLanguage\":\"es\",\"potentialAction\":[{\"@type\":\"ReadAction\",\"target\":[\"https:\/\/somconnexio.coop\/es\/noticias\/28-dabril-de-2025-quan-tot-es-va-apagar\/\"]}]},{\"@type\":\"ImageObject\",\"inLanguage\":\"es\",\"@id\":\"https:\/\/somconnexio.coop\/es\/noticias\/28-dabril-de-2025-quan-tot-es-va-apagar\/#primaryimage\",\"url\":\"https:\/\/somconnexio.coop\/wp-content\/uploads\/2025\/05\/SomConnexio_postApagadaLlum_blog-1.png\",\"contentUrl\":\"https:\/\/somconnexio.coop\/wp-content\/uploads\/2025\/05\/SomConnexio_postApagadaLlum_blog-1.png\",\"width\":1080,\"height\":565,\"caption\":\"28 d'abril de 2025\"},{\"@type\":\"BreadcrumbList\",\"@id\":\"https:\/\/somconnexio.coop\/es\/noticias\/28-dabril-de-2025-quan-tot-es-va-apagar\/#breadcrumb\",\"itemListElement\":[{\"@type\":\"ListItem\",\"position\":1,\"name\":\"Portada\",\"item\":\"https:\/\/somconnexio.coop\/es\/\"},{\"@type\":\"ListItem\",\"position\":2,\"name\":\"28 d&#8217;abril de 2025: cuando todo se apag\u00f3\"}]},{\"@type\":\"WebSite\",\"@id\":\"https:\/\/somconnexio.coop\/#website\",\"url\":\"https:\/\/somconnexio.coop\/\",\"name\":\"Somos Conexi\u00f3n\",\"description\":\"la 1a cooperativa de telefon\u00eda e internet\",\"potentialAction\":[{\"@type\":\"SearchAction\",\"target\":{\"@type\":\"EntryPoint\",\"urlTemplate\":\"https:\/\/somconnexio.coop\/?s={search_term_string}\"},\"query-input\":{\"@type\":\"PropertyValueSpecification\",\"valueRequired\":true,\"valueName\":\"search_term_string\"}}],\"inLanguage\":\"es\"},{\"@type\":\"Person\",\"@id\":\"https:\/\/somconnexio.coop\/#\/schema\/person\/630d418ae875e664d5aff0d4c2917af7\",\"name\":\"Som Connexi\u00f3\",\"url\":\"https:\/\/somconnexio.coop\/es\/author\/somconnexio\/\"}]}<\/script>\n<!-- \/ Yoast SEO plugin. -->","yoast_head_json":{"title":"28 d'abril de 2025: cuando todo se apag\u00f3 - Somos Conexi\u00f3n","robots":{"index":"index","follow":"follow","max-snippet":"max-snippet:-1","max-image-preview":"max-image-preview:large","max-video-preview":"max-video-preview:-1"},"canonical":"https:\/\/somconnexio.coop\/es\/noticias\/28-dabril-de-2025-quan-tot-es-va-apagar\/","og_locale":"es_ES","og_type":"article","og_title":"28 d'abril de 2025: cuando todo se apag\u00f3 - Somos Conexi\u00f3n","og_description":"El lunes 28 de abril pas\u00f3 aquello que a menudo solo imaginamos en pel\u00edculas o distop\u00edas: el sistema el\u00e9ctrico cay\u00f3. A las 12:33 horas, un apag\u00f3n el\u00e9ctrico repentino dej\u00f3 toda la pen\u00ednsula Ib\u00e9rica sin luz. Pero el impacto fue m\u00e1s all\u00e1 de la energ\u00eda. Fue un apag\u00f3n de la comunicaci\u00f3n. Los m\u00f3viles dejaron de tener [&hellip;]","og_url":"https:\/\/somconnexio.coop\/es\/noticias\/28-dabril-de-2025-quan-tot-es-va-apagar\/","og_site_name":"Somos Conexi\u00f3n","article_published_time":"2025-05-11T19:29:11+00:00","article_modified_time":"2025-08-07T08:34:25+00:00","og_image":[{"width":1080,"height":565,"url":"https:\/\/somconnexio.coop\/wp-content\/uploads\/2025\/05\/SomConnexio_postApagadaLlum_blog-1.png","type":"image\/png"}],"author":"Som Connexi\u00f3","twitter_card":"summary_large_image","twitter_misc":{"Escrito por":"Som Connexi\u00f3","Tiempo de lectura":"4 minutos"},"schema":{"@context":"https:\/\/schema.org","@graph":[{"@type":"WebPage","@id":"https:\/\/somconnexio.coop\/es\/noticias\/28-dabril-de-2025-quan-tot-es-va-apagar\/","url":"https:\/\/somconnexio.coop\/es\/noticias\/28-dabril-de-2025-quan-tot-es-va-apagar\/","name":"28 d'abril de 2025: cuando todo se apag\u00f3 - Somos Conexi\u00f3n","isPartOf":{"@id":"https:\/\/somconnexio.coop\/#website"},"primaryImageOfPage":{"@id":"https:\/\/somconnexio.coop\/es\/noticias\/28-dabril-de-2025-quan-tot-es-va-apagar\/#primaryimage"},"image":{"@id":"https:\/\/somconnexio.coop\/es\/noticias\/28-dabril-de-2025-quan-tot-es-va-apagar\/#primaryimage"},"thumbnailUrl":"https:\/\/somconnexio.coop\/wp-content\/uploads\/2025\/05\/SomConnexio_postApagadaLlum_blog-1.png","datePublished":"2025-05-11T19:29:11+00:00","dateModified":"2025-08-07T08:34:25+00:00","author":{"@id":"https:\/\/somconnexio.coop\/#\/schema\/person\/630d418ae875e664d5aff0d4c2917af7"},"breadcrumb":{"@id":"https:\/\/somconnexio.coop\/es\/noticias\/28-dabril-de-2025-quan-tot-es-va-apagar\/#breadcrumb"},"inLanguage":"es","potentialAction":[{"@type":"ReadAction","target":["https:\/\/somconnexio.coop\/es\/noticias\/28-dabril-de-2025-quan-tot-es-va-apagar\/"]}]},{"@type":"ImageObject","inLanguage":"es","@id":"https:\/\/somconnexio.coop\/es\/noticias\/28-dabril-de-2025-quan-tot-es-va-apagar\/#primaryimage","url":"https:\/\/somconnexio.coop\/wp-content\/uploads\/2025\/05\/SomConnexio_postApagadaLlum_blog-1.png","contentUrl":"https:\/\/somconnexio.coop\/wp-content\/uploads\/2025\/05\/SomConnexio_postApagadaLlum_blog-1.png","width":1080,"height":565,"caption":"28 d'abril de 2025"},{"@type":"BreadcrumbList","@id":"https:\/\/somconnexio.coop\/es\/noticias\/28-dabril-de-2025-quan-tot-es-va-apagar\/#breadcrumb","itemListElement":[{"@type":"ListItem","position":1,"name":"Portada","item":"https:\/\/somconnexio.coop\/es\/"},{"@type":"ListItem","position":2,"name":"28 d&#8217;abril de 2025: cuando todo se apag\u00f3"}]},{"@type":"WebSite","@id":"https:\/\/somconnexio.coop\/#website","url":"https:\/\/somconnexio.coop\/","name":"Somos Conexi\u00f3n","description":"la 1a cooperativa de telefon\u00eda e internet","potentialAction":[{"@type":"SearchAction","target":{"@type":"EntryPoint","urlTemplate":"https:\/\/somconnexio.coop\/?s={search_term_string}"},"query-input":{"@type":"PropertyValueSpecification","valueRequired":true,"valueName":"search_term_string"}}],"inLanguage":"es"},{"@type":"Person","@id":"https:\/\/somconnexio.coop\/#\/schema\/person\/630d418ae875e664d5aff0d4c2917af7","name":"Som Connexi\u00f3","url":"https:\/\/somconnexio.coop\/es\/author\/somconnexio\/"}]}},"_links":{"self":[{"href":"https:\/\/somconnexio.coop\/es\/wp-json\/wp\/v2\/posts\/25855","targetHints":{"allow":["GET"]}}],"collection":[{"href":"https:\/\/somconnexio.coop\/es\/wp-json\/wp\/v2\/posts"}],"about":[{"href":"https:\/\/somconnexio.coop\/es\/wp-json\/wp\/v2\/types\/post"}],"author":[{"embeddable":true,"href":"https:\/\/somconnexio.coop\/es\/wp-json\/wp\/v2\/users\/1"}],"replies":[{"embeddable":true,"href":"https:\/\/somconnexio.coop\/es\/wp-json\/wp\/v2\/comments?post=25855"}],"version-history":[{"count":6,"href":"https:\/\/somconnexio.coop\/es\/wp-json\/wp\/v2\/posts\/25855\/revisions"}],"predecessor-version":[{"id":25880,"href":"https:\/\/somconnexio.coop\/es\/wp-json\/wp\/v2\/posts\/25855\/revisions\/25880"}],"wp:featuredmedia":[{"embeddable":true,"href":"https:\/\/somconnexio.coop\/es\/wp-json\/wp\/v2\/media\/25854"}],"wp:attachment":[{"href":"https:\/\/somconnexio.coop\/es\/wp-json\/wp\/v2\/media?parent=25855"}],"wp:term":[{"taxonomy":"category","embeddable":true,"href":"https:\/\/somconnexio.coop\/es\/wp-json\/wp\/v2\/categories?post=25855"},{"taxonomy":"post_tag","embeddable":true,"href":"https:\/\/somconnexio.coop\/es\/wp-json\/wp\/v2\/tags?post=25855"}],"curies":[{"name":"wp","href":"https:\/\/api.w.org\/{rel}","templated":true}]}}