  {"id":26105,"date":"2025-06-02T13:57:03","date_gmt":"2025-06-02T11:57:03","guid":{"rendered":"https:\/\/somconnexio.coop\/?p=26105"},"modified":"2025-09-30T12:33:56","modified_gmt":"2025-09-30T10:33:56","slug":"filmin-llega-a-somos-conexion-este-mes-de-junio","status":"publish","type":"post","link":"https:\/\/somconnexio.coop\/es\/noticias\/filmin-llega-a-somos-conexion-este-mes-de-junio\/","title":{"rendered":"\u00a1Filmin llega a Somos Conexi\u00f3n!"},"content":{"rendered":"\n<p>Este a\u00f1o es distinto a cualquier otro. Este a\u00f1o hemos estrenado una colaboraci\u00f3n con <a href=\"https:\/\/www.filmin.es\/\">Filmin.<\/a> M\u00e1s abajo os recordamos todos los detalles de c\u00f3mo acceder a trav\u00e9s de Somos Conexi\u00f3n. Pero antes os explicamos por qu\u00e9 hemos elegido Filmin y por qu\u00e9 creemos que os encantar\u00e1.<\/p>\n\n\n\n<h2 class=\"wp-block-heading\">\u00bfQu\u00e9 nos ha llevado hasta Filmin?<\/h2>\n\n\n\n<p>C\u00f3mo todo lo que hacemos en Somos Conexi\u00f3n, esta propuesta nace escuchando a la base social y usuarias. El a\u00f1o pasado y a trav\u00e9s de una encuesta, os preguntamos qu\u00e9 plataforma audiovisual os gustar\u00eda tener a trav\u00e9s de la cooperativa, y la respuesta fue clara: Filmin era la preferida por una amplia mayor\u00eda. Esta elecci\u00f3n pues, no es casual. Filmin es una plataforma que encaja con muchos de nuestros valores: <strong>cultura cr\u00edtica, apuesta por los contenidos de calidad y acceso en catal\u00e1n, euskera y gallego.<\/strong><\/p>\n\n\n\n<div class=\"wp-block-buttons alignwide is-content-justification-center is-layout-flex wp-container-core-buttons-is-layout-a89b3969 wp-block-buttons-is-layout-flex\">\n<div class=\"wp-block-button\"><a class=\"wp-block-button__link wp-element-button\" href=\"https:\/\/somconnexio.coop\/es\/filmin\/\">\u00a1qUIERO FILMIN!<\/a><\/div>\n<\/div>\n\n\n\n<h2 class=\"wp-block-heading\">\u00bfPor qu\u00e9 Filmin?<\/h2>\n\n\n\n<p>Nacida en el 2006 en Catalu\u00f1a, Filmin nos permite entender el mundo a trav\u00e9s del cine. A trav\u00e9s de ella descubrir\u00e9is verdaderas joyas cinematogr\u00e1ficas y a diferencia de otras plataformas dominadas por algoritmos, sus recomendaciones son seleccionadas con criterio humano.<\/p>\n\n\n\n<p>Tambi\u00e9n hay que destacar su <strong>compromiso con la producci\u00f3n local, joven y femenina, y con las lenguas minoritarias: ofrece pel\u00edculas en catal\u00e1n, euskera y gallego<\/strong>.<\/p>\n\n\n\n<h2 class=\"wp-block-heading\">Un cat\u00e1logo para perderse<\/h2>\n\n\n\n<p>Filmin tiene un cat\u00e1logo infinito de <a href=\"https:\/\/www.filmin.es\/colecciones\">colecciones de cine<\/a>: <strong>colecciones de obras maestras, grandes cl\u00e1sicos, series exclusivas, documentales, animaci\u00f3n para ni\u00f1os y mucho m\u00e1s.<\/strong><\/p>\n\n\n\n<p>Descubre todas sus colecciones. Te recomendamos algunas de ellas:<\/p>\n\n\n\n<ul class=\"wp-block-list\">\n<li><a href=\"https:\/\/www.filmin.es\/coleccion\/obras-maestras\">Obras Maestras<\/a><\/li>\n\n\n\n<li><a href=\"https:\/\/www.filmin.es\/canal\/cosas-de-chicas\">Grandes directoras de ayer y hoy<\/a><\/li>\n\n\n\n<li><a href=\"https:\/\/www.filmin.es\/coleccion\/iconicas\">Ic\u00f3nicas<\/a><\/li>\n\n\n\n<li><a href=\"https:\/\/www.filmin.es\/coleccion\/distopias\">Distop\u00edas<\/a><\/li>\n\n\n\n<li><a href=\"https:\/\/www.filmin.es\/coleccion\/thrillers-politicos\">Thrillers Pol\u00edticos<\/a><\/li>\n\n\n\n<li><a href=\"https:\/\/www.filmin.es\/coleccion\/la-cuestion-palestina\">La cuesti\u00f3n Palestina<\/a><\/li>\n\n\n\n<li><a href=\"https:\/\/www.filmin.es\/coleccion\/juventud-y-revolucion\">Juventud y Revoluci\u00f3n<\/a><\/li>\n\n\n\n<li><a href=\"https:\/\/www.filmin.es\/canal\/filmin-queer-lgtbi\">LGTBI<\/a><\/li>\n\n\n\n<li><a href=\"https:\/\/www.filmin.es\/coleccion\/top-100-documental\">Top 100 Documental<\/a><\/li>\n\n\n\n<li><a href=\"https:\/\/www.filmin.es\/coleccion\/los-documentales-mas-premiados\">Los documentales m\u00e1s premiados<\/a><\/li>\n\n\n\n<li>\u00a1Y muchas m\u00e1s!<br><\/li>\n<\/ul>\n\n\n\n<div class=\"wp-block-buttons alignfull is-content-justification-center is-layout-flex wp-container-core-buttons-is-layout-a89b3969 wp-block-buttons-is-layout-flex\">\n<div class=\"wp-block-button\"><a class=\"wp-block-button__link wp-element-button\" href=\"https:\/\/somconnexio.coop\/es\/filmin\/?utm_source=article&#038;utm_medium=sociall&#038;utm_campaign=FILMIN&#038;utm_content=landing\">como contratar la tarifa filmin<\/a><\/div>\n<\/div>\n\n\n\n<h2 class=\"wp-block-heading\">Novedades de septiembre y octubre<\/h2>\n\n\n\n<p><strong>DRAMA, <a href=\"https:\/\/www.filmin.es\/pelicula\/una-quinta-portuguesa\">\u00abUna quinta portuguesa\u00bb<\/a><\/strong><\/p>\n\n\n\n<ul class=\"wp-block-list\">\n<li>Protagonizada per Manolo Solo i Mar\u00eda de Medeiros<\/li>\n<\/ul>\n\n\n\n<figure class=\"wp-block-image size-full is-resized\"><img loading=\"lazy\" decoding=\"async\" width=\"473\" height=\"728\" src=\"https:\/\/somconnexio.coop\/wp-content\/uploads\/2025\/06\/unaquintaportuguesa_Filmin_SC.png\" alt=\"\" class=\"wp-image-27320\" style=\"object-fit:cover;width:386px;height:588px\" srcset=\"https:\/\/somconnexio.coop\/wp-content\/uploads\/2025\/06\/unaquintaportuguesa_Filmin_SC.png 473w, https:\/\/somconnexio.coop\/wp-content\/uploads\/2025\/06\/unaquintaportuguesa_Filmin_SC-195x300.png 195w\" sizes=\"auto, (max-width: 473px) 100vw, 473px\" \/><\/figure>\n\n\n\n<p><strong>DRAMA: \u00abEsmorza amb mi\u00bb<\/strong><\/p>\n\n\n\n<ul class=\"wp-block-list\">\n<li>Protagonizada por \u00c1lvaro Cervantes, Marina Salas, Iv\u00e1n Massagu\u00e9 y Anna Alarc\u00f3n<\/li>\n<\/ul>\n\n\n\n<div class=\"wp-block-columns is-layout-flex wp-container-core-columns-is-layout-28f84493 wp-block-columns-is-layout-flex\">\n<div class=\"wp-block-column is-layout-flow wp-block-column-is-layout-flow\" style=\"flex-basis:100%\">\n<figure class=\"wp-block-image size-large is-resized\"><img loading=\"lazy\" decoding=\"async\" width=\"683\" height=\"1024\" src=\"https:\/\/somconnexio.coop\/wp-content\/uploads\/2025\/06\/esmorzaambmi_Filmin_SC-683x1024.jpg\" alt=\"\" class=\"wp-image-27247\" style=\"object-fit:cover;width:386px;height:588px\" srcset=\"https:\/\/somconnexio.coop\/wp-content\/uploads\/2025\/06\/esmorzaambmi_Filmin_SC-683x1024.jpg 683w, https:\/\/somconnexio.coop\/wp-content\/uploads\/2025\/06\/esmorzaambmi_Filmin_SC-200x300.jpg 200w, https:\/\/somconnexio.coop\/wp-content\/uploads\/2025\/06\/esmorzaambmi_Filmin_SC-768x1152.jpg 768w, https:\/\/somconnexio.coop\/wp-content\/uploads\/2025\/06\/esmorzaambmi_Filmin_SC.jpg 1000w\" sizes=\"auto, (max-width: 683px) 100vw, 683px\" \/><\/figure>\n<\/div>\n<\/div>\n\n\n\n<p><\/p>\n\n\n\n<p><strong>BIOPIC: <a href=\"https:\/\/www.filmin.es\/pelicula\/la-gran-ambicion?origin=searcher&amp;origin-query=primary\">\u00abLa gran ambici\u00f3n\u00bb <\/a><\/strong><\/p>\n\n\n\n<ul class=\"wp-block-list\">\n<li>Basada en hechos reales<\/li>\n<\/ul>\n\n\n\n<figure class=\"wp-block-image size-full is-resized\"><img loading=\"lazy\" decoding=\"async\" width=\"483\" height=\"729\" src=\"https:\/\/somconnexio.coop\/wp-content\/uploads\/2025\/06\/lagranambicio_filmin_SC.png\" alt=\"\" class=\"wp-image-27276\" style=\"object-fit:cover;width:386px;height:588px\" srcset=\"https:\/\/somconnexio.coop\/wp-content\/uploads\/2025\/06\/lagranambicio_filmin_SC.png 483w, https:\/\/somconnexio.coop\/wp-content\/uploads\/2025\/06\/lagranambicio_filmin_SC-199x300.png 199w\" sizes=\"auto, (max-width: 483px) 100vw, 483px\" \/><\/figure>\n\n\n\n<p><strong>BIOPIC<\/strong>,&nbsp;<strong>THRILLER:&nbsp;<a href=\"https:\/\/www.filmin.es\/pelicula\/baltimore?origin=searcher&amp;origin-query=primary\">\u201cBaltimore\u201d<\/a><\/strong><\/p>\n\n\n\n<ul class=\"wp-block-list\">\n<li>Protagonizada per Imogen Poot<\/li>\n\n\n\n<li>Basada en hechos reales<\/li>\n<\/ul>\n\n\n\n<figure class=\"wp-block-image size-large is-resized\"><img loading=\"lazy\" decoding=\"async\" width=\"683\" height=\"1024\" src=\"https:\/\/somconnexio.coop\/wp-content\/uploads\/2025\/06\/baltimore_Filmin_SC-683x1024.jpg\" alt=\"\" class=\"wp-image-27251\" style=\"object-fit:cover;width:386px;height:588px\" srcset=\"https:\/\/somconnexio.coop\/wp-content\/uploads\/2025\/06\/baltimore_Filmin_SC-683x1024.jpg 683w, https:\/\/somconnexio.coop\/wp-content\/uploads\/2025\/06\/baltimore_Filmin_SC-200x300.jpg 200w, https:\/\/somconnexio.coop\/wp-content\/uploads\/2025\/06\/baltimore_Filmin_SC-768x1152.jpg 768w, https:\/\/somconnexio.coop\/wp-content\/uploads\/2025\/06\/baltimore_Filmin_SC.jpg 1000w\" sizes=\"auto, (max-width: 683px) 100vw, 683px\" \/><\/figure>\n\n\n\n<p><strong>BIOPIC \u201c<a href=\"https:\/\/www.filmin.es\/pelicula\/miss-carbon?origin=searcher&amp;origin-query=primary\">Miss Carbon\u201d<\/a>&nbsp;<\/strong><\/p>\n\n\n\n<ul class=\"wp-block-list\">\n<li>Protagonizada por Lux Pascal y Paco Le\u00f3n<\/li>\n\n\n\n<li>Basada en hechos reales<\/li>\n<\/ul>\n\n\n\n<figure class=\"wp-block-image size-large is-resized\"><img loading=\"lazy\" decoding=\"async\" width=\"683\" height=\"1024\" src=\"https:\/\/somconnexio.coop\/wp-content\/uploads\/2025\/06\/missCarbon_Filmin_SC-683x1024.jpg\" alt=\"\" class=\"wp-image-27253\" style=\"object-fit:cover;width:386px;height:588px\" srcset=\"https:\/\/somconnexio.coop\/wp-content\/uploads\/2025\/06\/missCarbon_Filmin_SC-683x1024.jpg 683w, https:\/\/somconnexio.coop\/wp-content\/uploads\/2025\/06\/missCarbon_Filmin_SC-200x300.jpg 200w, https:\/\/somconnexio.coop\/wp-content\/uploads\/2025\/06\/missCarbon_Filmin_SC-768x1152.jpg 768w, https:\/\/somconnexio.coop\/wp-content\/uploads\/2025\/06\/missCarbon_Filmin_SC.jpg 1000w\" sizes=\"auto, (max-width: 683px) 100vw, 683px\" \/><\/figure>\n\n\n\n<p><strong>DRAMA, <a href=\"https:\/\/www.filmin.es\/pelicula\/la-receta-perfecta?origin=searcher&amp;origin-query=primary\">\u00bb La receta perfecta\u00bb<\/a><\/strong><\/p>\n\n\n\n<ul class=\"wp-block-list\">\n<li>La gran revelaci\u00f3n del a\u00f1o en Francia<\/li>\n\n\n\n<li>Mejor debut y mejor actriz revelaci\u00f3n a los Premios C\u00e9sar, los Goya franceses<\/li>\n<\/ul>\n\n\n\n<figure class=\"wp-block-image size-large is-resized\"><img loading=\"lazy\" decoding=\"async\" width=\"683\" height=\"1024\" src=\"https:\/\/somconnexio.coop\/wp-content\/uploads\/2025\/06\/larecetaperfecta_Filmin_SC-1-683x1024.jpg\" alt=\"\" class=\"wp-image-27324\" style=\"object-fit:cover;width:386px;height:588px\" srcset=\"https:\/\/somconnexio.coop\/wp-content\/uploads\/2025\/06\/larecetaperfecta_Filmin_SC-1-683x1024.jpg 683w, https:\/\/somconnexio.coop\/wp-content\/uploads\/2025\/06\/larecetaperfecta_Filmin_SC-1-200x300.jpg 200w, https:\/\/somconnexio.coop\/wp-content\/uploads\/2025\/06\/larecetaperfecta_Filmin_SC-1-768x1152.jpg 768w, https:\/\/somconnexio.coop\/wp-content\/uploads\/2025\/06\/larecetaperfecta_Filmin_SC-1.jpg 1000w\" sizes=\"auto, (max-width: 683px) 100vw, 683px\" \/><\/figure>\n\n\n\n<p><strong>THRILLER,&nbsp;<a href=\"https:\/\/www.filmin.es\/pelicula\/el-jurado\">\u201cEl Jurado\u201d<\/a>&nbsp;<\/strong><\/p>\n\n\n\n<ul class=\"wp-block-list\">\n<li>Dirigida por uno de los protagonistas de Anatom\u00eda de una ca\u00edda, Samuel Theis<\/li>\n<\/ul>\n\n\n\n<figure class=\"wp-block-image size-large is-resized\"><img loading=\"lazy\" decoding=\"async\" width=\"683\" height=\"1024\" src=\"https:\/\/somconnexio.coop\/wp-content\/uploads\/2025\/06\/eljurado_Filmin_SC-683x1024.jpg\" alt=\"\" class=\"wp-image-27279\" style=\"object-fit:cover;width:386px;height:588px\" srcset=\"https:\/\/somconnexio.coop\/wp-content\/uploads\/2025\/06\/eljurado_Filmin_SC-683x1024.jpg 683w, https:\/\/somconnexio.coop\/wp-content\/uploads\/2025\/06\/eljurado_Filmin_SC-200x300.jpg 200w, https:\/\/somconnexio.coop\/wp-content\/uploads\/2025\/06\/eljurado_Filmin_SC-768x1152.jpg 768w, https:\/\/somconnexio.coop\/wp-content\/uploads\/2025\/06\/eljurado_Filmin_SC.jpg 1000w\" sizes=\"auto, (max-width: 683px) 100vw, 683px\" \/><\/figure>\n\n\n\n<p><strong>DRAMA \u201cDiecinueve\u201d <\/strong><\/p>\n\n\n\n<ul class=\"wp-block-list\">\n<li>Producida por Luca Guadagnino (\u201cCall me by your name\u201d)<\/li>\n<\/ul>\n\n\n\n<figure class=\"wp-block-image size-full is-resized\"><img loading=\"lazy\" decoding=\"async\" width=\"484\" height=\"679\" src=\"https:\/\/somconnexio.coop\/wp-content\/uploads\/2025\/06\/diecinueve_Filmin_SC.png\" alt=\"\" class=\"wp-image-27283\" style=\"object-fit:cover;width:386px;height:588px\" srcset=\"https:\/\/somconnexio.coop\/wp-content\/uploads\/2025\/06\/diecinueve_Filmin_SC.png 484w, https:\/\/somconnexio.coop\/wp-content\/uploads\/2025\/06\/diecinueve_Filmin_SC-214x300.png 214w\" sizes=\"auto, (max-width: 484px) 100vw, 484px\" \/><\/figure>\n\n\n\n<p><\/p>\n\n\n\n<p><strong>SERIES:<\/strong><br><strong>DRAMA, TRUE CRIME&nbsp;<a href=\"https:\/\/www.filmin.es\/serie\/big-boys?origin=searcher&amp;origin-query=primary\">\u201c<\/a><a href=\"https:\/\/www.filmin.cat\/serie\/blossoms-shanghai\">Contra la ley<\/a><a href=\"https:\/\/www.filmin.es\/serie\/big-boys?origin=searcher&amp;origin-query=primary\">\u201c<\/a><\/strong><\/p>\n\n\n\n<ul class=\"wp-block-list\">\n<li>La historia real de c\u00f3mo una madre se pas\u00f3 17 a\u00f1os intentando obtener justicia por el asesinato de su hija<\/li>\n<\/ul>\n\n\n\n<figure class=\"wp-block-image size-large is-resized\"><img loading=\"lazy\" decoding=\"async\" width=\"683\" height=\"1024\" src=\"https:\/\/somconnexio.coop\/wp-content\/uploads\/2025\/06\/contralaley_Filmin_SC-683x1024.jpg\" alt=\"\" class=\"wp-image-27257\" style=\"object-fit:cover;width:386px;height:588px\" srcset=\"https:\/\/somconnexio.coop\/wp-content\/uploads\/2025\/06\/contralaley_Filmin_SC-683x1024.jpg 683w, https:\/\/somconnexio.coop\/wp-content\/uploads\/2025\/06\/contralaley_Filmin_SC-200x300.jpg 200w, https:\/\/somconnexio.coop\/wp-content\/uploads\/2025\/06\/contralaley_Filmin_SC-768x1152.jpg 768w, https:\/\/somconnexio.coop\/wp-content\/uploads\/2025\/06\/contralaley_Filmin_SC.jpg 1000w\" sizes=\"auto, (max-width: 683px) 100vw, 683px\" \/><\/figure>\n\n\n\n<p><strong>DRAMA,&nbsp;<a href=\"https:\/\/www.filmin.es\/serie\/small-axe?origin=searcher&amp;origin-query=primary\">\u201cSmall Axe\u201d<\/a><\/strong>&nbsp;<\/p>\n\n\n\n<ul class=\"wp-block-list\">\n<li>Del ganador del Oscar Steve McQueen (\u201c12 a\u00f1os de esclavitud\u201d, \u201cShame\u201d)<\/li>\n<\/ul>\n\n\n\n<figure class=\"wp-block-image size-large is-resized\"><img loading=\"lazy\" decoding=\"async\" width=\"683\" height=\"1024\" src=\"https:\/\/somconnexio.coop\/wp-content\/uploads\/2025\/06\/SMALLAXE_Filmin_SC-683x1024.jpg\" alt=\"\" class=\"wp-image-27281\" style=\"object-fit:cover;width:386px;height:588px\" srcset=\"https:\/\/somconnexio.coop\/wp-content\/uploads\/2025\/06\/SMALLAXE_Filmin_SC-683x1024.jpg 683w, https:\/\/somconnexio.coop\/wp-content\/uploads\/2025\/06\/SMALLAXE_Filmin_SC-200x300.jpg 200w, https:\/\/somconnexio.coop\/wp-content\/uploads\/2025\/06\/SMALLAXE_Filmin_SC-768x1152.jpg 768w, https:\/\/somconnexio.coop\/wp-content\/uploads\/2025\/06\/SMALLAXE_Filmin_SC.jpg 1000w\" sizes=\"auto, (max-width: 683px) 100vw, 683px\" \/><\/figure>\n\n\n\n<p><strong>DRAMA:&nbsp;\u00ab<a href=\"https:\/\/www.filmin.es\/serie\/what-it-feels-like-for-a-girl?origin=searcher&amp;origin-query=primary\">What It Feels Like For a Girl\u00bb<\/a>&nbsp;<\/strong><\/p>\n\n\n\n<ul class=\"wp-block-list\">\n<li>Basada en las memorias de Paris Lees<\/li>\n<\/ul>\n\n\n\n<figure class=\"wp-block-image size-large is-resized\"><img loading=\"lazy\" decoding=\"async\" width=\"683\" height=\"1024\" src=\"https:\/\/somconnexio.coop\/wp-content\/uploads\/2025\/06\/whatitfeelslike_Filmin_SC-683x1024.jpg\" alt=\"\" class=\"wp-image-27285\" style=\"object-fit:cover;width:386px;height:588px\" srcset=\"https:\/\/somconnexio.coop\/wp-content\/uploads\/2025\/06\/whatitfeelslike_Filmin_SC-683x1024.jpg 683w, https:\/\/somconnexio.coop\/wp-content\/uploads\/2025\/06\/whatitfeelslike_Filmin_SC-200x300.jpg 200w, https:\/\/somconnexio.coop\/wp-content\/uploads\/2025\/06\/whatitfeelslike_Filmin_SC-768x1152.jpg 768w, https:\/\/somconnexio.coop\/wp-content\/uploads\/2025\/06\/whatitfeelslike_Filmin_SC.jpg 1000w\" sizes=\"auto, (max-width: 683px) 100vw, 683px\" \/><\/figure>\n\n\n\n<p><strong>DRAMA, THRILLER: \u00abShetland: un nuevo caso\u00bb<\/strong><\/p>\n\n\n\n<ul class=\"wp-block-list\">\n<li>Seis nuevos cap\u00edtulos de la exitosa serie de la BBC<\/li>\n<\/ul>\n\n\n\n<figure class=\"wp-block-image size-full is-resized\"><img loading=\"lazy\" decoding=\"async\" width=\"402\" height=\"587\" src=\"https:\/\/somconnexio.coop\/wp-content\/uploads\/2025\/06\/shetlanda.png\" alt=\"\" class=\"wp-image-26606\" style=\"object-fit:cover;width:386px;height:488px\" srcset=\"https:\/\/somconnexio.coop\/wp-content\/uploads\/2025\/06\/shetlanda.png 402w, https:\/\/somconnexio.coop\/wp-content\/uploads\/2025\/06\/shetlanda-205x300.png 205w\" sizes=\"auto, (max-width: 402px) 100vw, 402px\" \/><\/figure>\n\n\n\n<p><strong>THRILLER<\/strong>,&nbsp;<strong><a href=\"https:\/\/www.filmin.es\/serie\/el-dinero-de-otros\">\u201cEl dinero de otros\u201d<\/a><\/strong><\/p>\n\n\n\n<ul class=\"wp-block-list\">\n<li>Un thriller basado en hechos reales sobre el mayor fraude fiscal de la historia de Europa<\/li>\n<\/ul>\n\n\n\n<figure class=\"wp-block-image size-large is-resized\"><img loading=\"lazy\" decoding=\"async\" width=\"714\" height=\"1024\" src=\"https:\/\/somconnexio.coop\/wp-content\/uploads\/2025\/06\/eldinerodeotros_Filmin_SC-714x1024.jpg\" alt=\"\" class=\"wp-image-27287\" style=\"object-fit:cover;width:386px;height:588px\" srcset=\"https:\/\/somconnexio.coop\/wp-content\/uploads\/2025\/06\/eldinerodeotros_Filmin_SC-714x1024.jpg 714w, https:\/\/somconnexio.coop\/wp-content\/uploads\/2025\/06\/eldinerodeotros_Filmin_SC-209x300.jpg 209w, https:\/\/somconnexio.coop\/wp-content\/uploads\/2025\/06\/eldinerodeotros_Filmin_SC-768x1101.jpg 768w, https:\/\/somconnexio.coop\/wp-content\/uploads\/2025\/06\/eldinerodeotros_Filmin_SC.jpg 1046w\" sizes=\"auto, (max-width: 714px) 100vw, 714px\" \/><\/figure>\n\n\n\n<p><strong>Thriller, Drama,&nbsp;<\/strong><a href=\"https:\/\/www.filmin.es\/serie\/bookish\"><strong>\u201cBookish<\/strong>\u201c<\/a><\/p>\n\n\n\n<ul class=\"wp-block-list\">\n<li>La \u00faltima gran serie detectivesca del Reino Unido, para los enamorados de la novela negra<\/li>\n<\/ul>\n\n\n\n<figure class=\"wp-block-image size-large is-resized\"><img loading=\"lazy\" decoding=\"async\" width=\"683\" height=\"1024\" src=\"https:\/\/somconnexio.coop\/wp-content\/uploads\/2025\/06\/bookish_Filmin-SC-683x1024.jpg\" alt=\"\" class=\"wp-image-27289\" style=\"object-fit:cover;width:386px;height:588px\" srcset=\"https:\/\/somconnexio.coop\/wp-content\/uploads\/2025\/06\/bookish_Filmin-SC-683x1024.jpg 683w, https:\/\/somconnexio.coop\/wp-content\/uploads\/2025\/06\/bookish_Filmin-SC-200x300.jpg 200w, https:\/\/somconnexio.coop\/wp-content\/uploads\/2025\/06\/bookish_Filmin-SC-768x1152.jpg 768w, https:\/\/somconnexio.coop\/wp-content\/uploads\/2025\/06\/bookish_Filmin-SC.jpg 1000w\" sizes=\"auto, (max-width: 683px) 100vw, 683px\" \/><\/figure>\n\n\n\n<p><strong>DOCUMENTALES<\/strong><\/p>\n\n\n\n<p><a href=\"https:\/\/www.filmin.es\/pelicula\/marlee-matlin-ya-no-estoy-sola?origin=searcher&amp;origin-query=secondary\"><strong>\u201cMarlee Matlin: Ya no estoy sola<\/strong>\u00ab<\/a><\/p>\n\n\n\n<ul class=\"wp-block-list\">\n<li>Primera actriz sorda en ganar un \u00d3scar<\/li>\n<\/ul>\n\n\n\n<figure class=\"wp-block-image size-large is-resized\"><img loading=\"lazy\" decoding=\"async\" width=\"683\" height=\"1024\" src=\"https:\/\/somconnexio.coop\/wp-content\/uploads\/2025\/06\/not-alone-anymore-683x1024.jpg\" alt=\"\" class=\"wp-image-27293\" style=\"object-fit:cover;width:386px;height:588px\" srcset=\"https:\/\/somconnexio.coop\/wp-content\/uploads\/2025\/06\/not-alone-anymore-683x1024.jpg 683w, https:\/\/somconnexio.coop\/wp-content\/uploads\/2025\/06\/not-alone-anymore-200x300.jpg 200w, https:\/\/somconnexio.coop\/wp-content\/uploads\/2025\/06\/not-alone-anymore-768x1152.jpg 768w, https:\/\/somconnexio.coop\/wp-content\/uploads\/2025\/06\/not-alone-anymore.jpg 1000w\" sizes=\"auto, (max-width: 683px) 100vw, 683px\" \/><\/figure>\n\n\n\n<p><a href=\"https:\/\/www.filmin.es\/pelicula\/bye-bye-tiberias?origin=searcher&amp;origin-query=primary\"><strong>\u00abBye bye Tiberias\u00bb<\/strong><\/a><\/p>\n\n\n\n<ul class=\"wp-block-list\">\n<li>Hiam Abbass ( \u00abSuccession\u00bb o \u00abRamy\u00bb), vuelve a su Palestina natal, 30 a\u00f1os despu\u00e9s, para sacar a la luz su historia y su origen. Una conmovedora oda a los v\u00ednculos familiares.<\/li>\n<\/ul>\n\n\n\n<figure class=\"wp-block-image size-full is-resized\"><img loading=\"lazy\" decoding=\"async\" width=\"468\" height=\"721\" src=\"https:\/\/somconnexio.coop\/wp-content\/uploads\/2025\/06\/byebye_tiberias_Filmin_SC.png\" alt=\"\" class=\"wp-image-27330\" style=\"object-fit:cover;width:386px;height:588px\" srcset=\"https:\/\/somconnexio.coop\/wp-content\/uploads\/2025\/06\/byebye_tiberias_Filmin_SC.png 468w, https:\/\/somconnexio.coop\/wp-content\/uploads\/2025\/06\/byebye_tiberias_Filmin_SC-195x300.png 195w\" sizes=\"auto, (max-width: 468px) 100vw, 468px\" \/><\/figure>\n\n\n\n<h2 class=\"wp-block-heading\">Una apuesta por el conocimiento cr\u00edtico<\/h2>\n\n\n\n<p>Desde Somos Conexi\u00f3n siempre hemos cre\u00eddo que la cultura es una herramienta de transformaci\u00f3n social. En este sentido, Filmin nos ofrece una nueva manera de acercarnos al mundo que nos rodea, con historias que nos interpelan y nos hacen pensar. Estamos muy ilusionadas con esta nueva propuesta, y esperamos que tambi\u00e9n vosotras la disfrut\u00e9is tanto como nosotras.<\/p>\n\n\n\n<p><\/p>\n","protected":false},"excerpt":{"rendered":"<p>Este a\u00f1o es distinto a cualquier otro. Este a\u00f1o hemos estrenado una colaboraci\u00f3n con Filmin. M\u00e1s abajo os recordamos todos los detalles de c\u00f3mo acceder a trav\u00e9s de Somos Conexi\u00f3n. Pero antes os explicamos por qu\u00e9 hemos elegido Filmin y por qu\u00e9 creemos que os encantar\u00e1. \u00bfQu\u00e9 nos ha llevado hasta Filmin? C\u00f3mo todo lo [&hellip;]<\/p>\n","protected":false},"author":1,"featured_media":26109,"comment_status":"closed","ping_status":"closed","sticky":false,"template":"","format":"standard","meta":{"footnotes":""},"categories":[87],"tags":[],"class_list":["post-26105","post","type-post","status-publish","format-standard","has-post-thumbnail","hentry","category-noticias"],"yoast_head":"<!-- This site is optimized with the Yoast SEO plugin v25.1 - https:\/\/yoast.com\/wordpress\/plugins\/seo\/ -->\n<title>\u00a1Filmin llega a Somos Conexi\u00f3n! - Somos Conexi\u00f3n<\/title>\n<meta name=\"robots\" content=\"index, follow, max-snippet:-1, max-image-preview:large, max-video-preview:-1\" \/>\n<link rel=\"canonical\" href=\"https:\/\/somconnexio.coop\/es\/noticias\/filmin-llega-a-somos-conexion-este-mes-de-junio\/\" \/>\n<meta property=\"og:locale\" content=\"es_ES\" \/>\n<meta property=\"og:type\" content=\"article\" \/>\n<meta property=\"og:title\" content=\"\u00a1Filmin llega a Somos Conexi\u00f3n! - Somos Conexi\u00f3n\" \/>\n<meta property=\"og:description\" content=\"Este a\u00f1o es distinto a cualquier otro. Este a\u00f1o hemos estrenado una colaboraci\u00f3n con Filmin. M\u00e1s abajo os recordamos todos los detalles de c\u00f3mo acceder a trav\u00e9s de Somos Conexi\u00f3n. Pero antes os explicamos por qu\u00e9 hemos elegido Filmin y por qu\u00e9 creemos que os encantar\u00e1. \u00bfQu\u00e9 nos ha llevado hasta Filmin? C\u00f3mo todo lo [&hellip;]\" \/>\n<meta property=\"og:url\" content=\"https:\/\/somconnexio.coop\/es\/noticias\/filmin-llega-a-somos-conexion-este-mes-de-junio\/\" \/>\n<meta property=\"og:site_name\" content=\"Somos Conexi\u00f3n\" \/>\n<meta property=\"article:published_time\" content=\"2025-06-02T11:57:03+00:00\" \/>\n<meta property=\"article:modified_time\" content=\"2025-09-30T10:33:56+00:00\" \/>\n<meta property=\"og:image\" content=\"https:\/\/somconnexio.coop\/wp-content\/uploads\/2025\/06\/sc-mayo2025-filmin-blog1c-cast.jpg\" \/>\n\t<meta property=\"og:image:width\" content=\"1500\" \/>\n\t<meta property=\"og:image:height\" content=\"786\" \/>\n\t<meta property=\"og:image:type\" content=\"image\/jpeg\" \/>\n<meta name=\"author\" content=\"Som Connexi\u00f3\" \/>\n<meta name=\"twitter:card\" content=\"summary_large_image\" \/>\n<meta name=\"twitter:label1\" content=\"Escrito por\" \/>\n\t<meta name=\"twitter:data1\" content=\"Som Connexi\u00f3\" \/>\n\t<meta name=\"twitter:label2\" content=\"Tiempo de lectura\" \/>\n\t<meta name=\"twitter:data2\" content=\"7 minutos\" \/>\n<script type=\"application\/ld+json\" class=\"yoast-schema-graph\">{\"@context\":\"https:\/\/schema.org\",\"@graph\":[{\"@type\":\"WebPage\",\"@id\":\"https:\/\/somconnexio.coop\/es\/noticias\/filmin-llega-a-somos-conexion-este-mes-de-junio\/\",\"url\":\"https:\/\/somconnexio.coop\/es\/noticias\/filmin-llega-a-somos-conexion-este-mes-de-junio\/\",\"name\":\"\u00a1Filmin llega a Somos Conexi\u00f3n! - Somos Conexi\u00f3n\",\"isPartOf\":{\"@id\":\"https:\/\/somconnexio.coop\/#website\"},\"primaryImageOfPage\":{\"@id\":\"https:\/\/somconnexio.coop\/es\/noticias\/filmin-llega-a-somos-conexion-este-mes-de-junio\/#primaryimage\"},\"image\":{\"@id\":\"https:\/\/somconnexio.coop\/es\/noticias\/filmin-llega-a-somos-conexion-este-mes-de-junio\/#primaryimage\"},\"thumbnailUrl\":\"https:\/\/somconnexio.coop\/wp-content\/uploads\/2025\/06\/sc-mayo2025-filmin-blog1c-cast.jpg\",\"datePublished\":\"2025-06-02T11:57:03+00:00\",\"dateModified\":\"2025-09-30T10:33:56+00:00\",\"author\":{\"@id\":\"https:\/\/somconnexio.coop\/#\/schema\/person\/630d418ae875e664d5aff0d4c2917af7\"},\"breadcrumb\":{\"@id\":\"https:\/\/somconnexio.coop\/es\/noticias\/filmin-llega-a-somos-conexion-este-mes-de-junio\/#breadcrumb\"},\"inLanguage\":\"es\",\"potentialAction\":[{\"@type\":\"ReadAction\",\"target\":[\"https:\/\/somconnexio.coop\/es\/noticias\/filmin-llega-a-somos-conexion-este-mes-de-junio\/\"]}]},{\"@type\":\"ImageObject\",\"inLanguage\":\"es\",\"@id\":\"https:\/\/somconnexio.coop\/es\/noticias\/filmin-llega-a-somos-conexion-este-mes-de-junio\/#primaryimage\",\"url\":\"https:\/\/somconnexio.coop\/wp-content\/uploads\/2025\/06\/sc-mayo2025-filmin-blog1c-cast.jpg\",\"contentUrl\":\"https:\/\/somconnexio.coop\/wp-content\/uploads\/2025\/06\/sc-mayo2025-filmin-blog1c-cast.jpg\",\"width\":1500,\"height\":786,\"caption\":\"Filmin y Somos Conexi\u00f3n\"},{\"@type\":\"BreadcrumbList\",\"@id\":\"https:\/\/somconnexio.coop\/es\/noticias\/filmin-llega-a-somos-conexion-este-mes-de-junio\/#breadcrumb\",\"itemListElement\":[{\"@type\":\"ListItem\",\"position\":1,\"name\":\"Portada\",\"item\":\"https:\/\/somconnexio.coop\/es\/\"},{\"@type\":\"ListItem\",\"position\":2,\"name\":\"\u00a1Filmin llega a Somos Conexi\u00f3n!\"}]},{\"@type\":\"WebSite\",\"@id\":\"https:\/\/somconnexio.coop\/#website\",\"url\":\"https:\/\/somconnexio.coop\/\",\"name\":\"Somos Conexi\u00f3n\",\"description\":\"la 1a cooperativa de telefon\u00eda e internet\",\"potentialAction\":[{\"@type\":\"SearchAction\",\"target\":{\"@type\":\"EntryPoint\",\"urlTemplate\":\"https:\/\/somconnexio.coop\/?s={search_term_string}\"},\"query-input\":{\"@type\":\"PropertyValueSpecification\",\"valueRequired\":true,\"valueName\":\"search_term_string\"}}],\"inLanguage\":\"es\"},{\"@type\":\"Person\",\"@id\":\"https:\/\/somconnexio.coop\/#\/schema\/person\/630d418ae875e664d5aff0d4c2917af7\",\"name\":\"Som Connexi\u00f3\",\"url\":\"https:\/\/somconnexio.coop\/es\/author\/somconnexio\/\"}]}<\/script>\n<!-- \/ Yoast SEO plugin. -->","yoast_head_json":{"title":"\u00a1Filmin llega a Somos Conexi\u00f3n! - Somos Conexi\u00f3n","robots":{"index":"index","follow":"follow","max-snippet":"max-snippet:-1","max-image-preview":"max-image-preview:large","max-video-preview":"max-video-preview:-1"},"canonical":"https:\/\/somconnexio.coop\/es\/noticias\/filmin-llega-a-somos-conexion-este-mes-de-junio\/","og_locale":"es_ES","og_type":"article","og_title":"\u00a1Filmin llega a Somos Conexi\u00f3n! - Somos Conexi\u00f3n","og_description":"Este a\u00f1o es distinto a cualquier otro. Este a\u00f1o hemos estrenado una colaboraci\u00f3n con Filmin. M\u00e1s abajo os recordamos todos los detalles de c\u00f3mo acceder a trav\u00e9s de Somos Conexi\u00f3n. Pero antes os explicamos por qu\u00e9 hemos elegido Filmin y por qu\u00e9 creemos que os encantar\u00e1. \u00bfQu\u00e9 nos ha llevado hasta Filmin? C\u00f3mo todo lo [&hellip;]","og_url":"https:\/\/somconnexio.coop\/es\/noticias\/filmin-llega-a-somos-conexion-este-mes-de-junio\/","og_site_name":"Somos Conexi\u00f3n","article_published_time":"2025-06-02T11:57:03+00:00","article_modified_time":"2025-09-30T10:33:56+00:00","og_image":[{"width":1500,"height":786,"url":"https:\/\/somconnexio.coop\/wp-content\/uploads\/2025\/06\/sc-mayo2025-filmin-blog1c-cast.jpg","type":"image\/jpeg"}],"author":"Som Connexi\u00f3","twitter_card":"summary_large_image","twitter_misc":{"Escrito por":"Som Connexi\u00f3","Tiempo de lectura":"7 minutos"},"schema":{"@context":"https:\/\/schema.org","@graph":[{"@type":"WebPage","@id":"https:\/\/somconnexio.coop\/es\/noticias\/filmin-llega-a-somos-conexion-este-mes-de-junio\/","url":"https:\/\/somconnexio.coop\/es\/noticias\/filmin-llega-a-somos-conexion-este-mes-de-junio\/","name":"\u00a1Filmin llega a Somos Conexi\u00f3n! - Somos Conexi\u00f3n","isPartOf":{"@id":"https:\/\/somconnexio.coop\/#website"},"primaryImageOfPage":{"@id":"https:\/\/somconnexio.coop\/es\/noticias\/filmin-llega-a-somos-conexion-este-mes-de-junio\/#primaryimage"},"image":{"@id":"https:\/\/somconnexio.coop\/es\/noticias\/filmin-llega-a-somos-conexion-este-mes-de-junio\/#primaryimage"},"thumbnailUrl":"https:\/\/somconnexio.coop\/wp-content\/uploads\/2025\/06\/sc-mayo2025-filmin-blog1c-cast.jpg","datePublished":"2025-06-02T11:57:03+00:00","dateModified":"2025-09-30T10:33:56+00:00","author":{"@id":"https:\/\/somconnexio.coop\/#\/schema\/person\/630d418ae875e664d5aff0d4c2917af7"},"breadcrumb":{"@id":"https:\/\/somconnexio.coop\/es\/noticias\/filmin-llega-a-somos-conexion-este-mes-de-junio\/#breadcrumb"},"inLanguage":"es","potentialAction":[{"@type":"ReadAction","target":["https:\/\/somconnexio.coop\/es\/noticias\/filmin-llega-a-somos-conexion-este-mes-de-junio\/"]}]},{"@type":"ImageObject","inLanguage":"es","@id":"https:\/\/somconnexio.coop\/es\/noticias\/filmin-llega-a-somos-conexion-este-mes-de-junio\/#primaryimage","url":"https:\/\/somconnexio.coop\/wp-content\/uploads\/2025\/06\/sc-mayo2025-filmin-blog1c-cast.jpg","contentUrl":"https:\/\/somconnexio.coop\/wp-content\/uploads\/2025\/06\/sc-mayo2025-filmin-blog1c-cast.jpg","width":1500,"height":786,"caption":"Filmin y Somos Conexi\u00f3n"},{"@type":"BreadcrumbList","@id":"https:\/\/somconnexio.coop\/es\/noticias\/filmin-llega-a-somos-conexion-este-mes-de-junio\/#breadcrumb","itemListElement":[{"@type":"ListItem","position":1,"name":"Portada","item":"https:\/\/somconnexio.coop\/es\/"},{"@type":"ListItem","position":2,"name":"\u00a1Filmin llega a Somos Conexi\u00f3n!"}]},{"@type":"WebSite","@id":"https:\/\/somconnexio.coop\/#website","url":"https:\/\/somconnexio.coop\/","name":"Somos Conexi\u00f3n","description":"la 1a cooperativa de telefon\u00eda e internet","potentialAction":[{"@type":"SearchAction","target":{"@type":"EntryPoint","urlTemplate":"https:\/\/somconnexio.coop\/?s={search_term_string}"},"query-input":{"@type":"PropertyValueSpecification","valueRequired":true,"valueName":"search_term_string"}}],"inLanguage":"es"},{"@type":"Person","@id":"https:\/\/somconnexio.coop\/#\/schema\/person\/630d418ae875e664d5aff0d4c2917af7","name":"Som Connexi\u00f3","url":"https:\/\/somconnexio.coop\/es\/author\/somconnexio\/"}]}},"_links":{"self":[{"href":"https:\/\/somconnexio.coop\/es\/wp-json\/wp\/v2\/posts\/26105","targetHints":{"allow":["GET"]}}],"collection":[{"href":"https:\/\/somconnexio.coop\/es\/wp-json\/wp\/v2\/posts"}],"about":[{"href":"https:\/\/somconnexio.coop\/es\/wp-json\/wp\/v2\/types\/post"}],"author":[{"embeddable":true,"href":"https:\/\/somconnexio.coop\/es\/wp-json\/wp\/v2\/users\/1"}],"replies":[{"embeddable":true,"href":"https:\/\/somconnexio.coop\/es\/wp-json\/wp\/v2\/comments?post=26105"}],"version-history":[{"count":69,"href":"https:\/\/somconnexio.coop\/es\/wp-json\/wp\/v2\/posts\/26105\/revisions"}],"predecessor-version":[{"id":27337,"href":"https:\/\/somconnexio.coop\/es\/wp-json\/wp\/v2\/posts\/26105\/revisions\/27337"}],"wp:featuredmedia":[{"embeddable":true,"href":"https:\/\/somconnexio.coop\/es\/wp-json\/wp\/v2\/media\/26109"}],"wp:attachment":[{"href":"https:\/\/somconnexio.coop\/es\/wp-json\/wp\/v2\/media?parent=26105"}],"wp:term":[{"taxonomy":"category","embeddable":true,"href":"https:\/\/somconnexio.coop\/es\/wp-json\/wp\/v2\/categories?post=26105"},{"taxonomy":"post_tag","embeddable":true,"href":"https:\/\/somconnexio.coop\/es\/wp-json\/wp\/v2\/tags?post=26105"}],"curies":[{"name":"wp","href":"https:\/\/api.w.org\/{rel}","templated":true}]}}